{"id":1148,"date":"2017-06-30T12:55:50","date_gmt":"2017-06-30T10:55:50","guid":{"rendered":"https:\/\/stemarie-derval.fr\/?p=1148"},"modified":"2017-06-30T12:55:50","modified_gmt":"2017-06-30T10:55:50","slug":"voyage-scolaire-au-puy-du-fou","status":"publish","type":"post","link":"https:\/\/stemarie-derval.fr\/?p=1148","title":{"rendered":"Voyage scolaire au Puy du Fou"},"content":{"rendered":"<p>Mardi 13 Juin, les \u00e9l\u00e8ves des classes de CM1 et CM2 sont all\u00e9s au Puy du Fou. Ils ont assist\u00e9 \u00e0 diff\u00e9rents spectacles:<\/p>\n<p>Les Vikings, le Dernier Panache, le Signe du Triomphe, le Secret de la Lance et le Mousquetaire de Richelieu.<\/p>\n<p>[ngg_images source=\u00a0\u00bbgalleries\u00a0\u00bb container_ids=\u00a0\u00bb73&Prime; display_type=\u00a0\u00bbphotocrati-nextgen_basic_slideshow\u00a0\u00bb gallery_width=\u00a0\u00bb320&Prime; gallery_height=\u00a0\u00bb240&Prime; cycle_effect=\u00a0\u00bbfade\u00a0\u00bb cycle_interval=\u00a0\u00bb3&Prime; show_thumbnail_link=\u00a0\u00bb1&Prime; thumbnail_link_text=\u00a0\u00bb[Show picture list]\u00a0\u00bb order_by=\u00a0\u00bbsortorder\u00a0\u00bb order_direction=\u00a0\u00bbASC\u00a0\u00bb returns=\u00a0\u00bbincluded\u00a0\u00bb maximum_entity_count=\u00a0\u00bb500&Prime;]<\/p>\n<p>&nbsp;<\/p>\n<p>&nbsp;<\/p>\n","protected":false},"excerpt":{"rendered":"<p>Mardi 13 Juin, les \u00e9l\u00e8ves des classes de CM1 et CM2 sont all\u00e9s au Puy du Fou. Ils ont assist\u00e9 \u00e0 diff\u00e9rents spectacles: Les Vikings, le Dernier Panache, le Signe du Triomphe, le Secret de la Lance et le Mousquetaire de Richelieu. [ngg_images source=\u00a0\u00bbgalleries\u00a0\u00bb container_ids=\u00a0\u00bb73&Prime; display_type=\u00a0\u00bbphotocrati-nextgen_basic_slideshow\u00a0\u00bb gallery_width=\u00a0\u00bb320&Prime; gallery_height=\u00a0\u00bb240&Prime; cycle_effect=\u00a0\u00bbfade\u00a0\u00bb cycle_interval=\u00a0\u00bb3&Prime; show_thumbnail_link=\u00a0\u00bb1&Prime; thumbnail_link_text=\u00a0\u00bb[Show picture list]\u00a0\u00bb order_by=\u00a0\u00bbsortorder\u00a0\u00bb<\/p>\n<p><a href=\"https:\/\/stemarie-derval.fr\/?p=1148\" class=\"more-link themebutton\">Lire la suite<\/a><\/p>\n","protected":false},"author":10,"featured_media":0,"comment_status":"closed","ping_status":"closed","sticky":false,"template":"","format":"standard","meta":{"footnotes":""},"categories":[5],"tags":[],"_links":{"self":[{"href":"https:\/\/stemarie-derval.fr\/index.php?rest_route=\/wp\/v2\/posts\/1148"}],"collection":[{"href":"https:\/\/stemarie-derval.fr\/index.php?rest_route=\/wp\/v2\/posts"}],"about":[{"href":"https:\/\/stemarie-derval.fr\/index.php?rest_route=\/wp\/v2\/types\/post"}],"author":[{"embeddable":true,"href":"https:\/\/stemarie-derval.fr\/index.php?rest_route=\/wp\/v2\/users\/10"}],"replies":[{"embeddable":true,"href":"https:\/\/stemarie-derval.fr\/index.php?rest_route=%2Fwp%2Fv2%2Fcomments&post=1148"}],"version-history":[{"count":0,"href":"https:\/\/stemarie-derval.fr\/index.php?rest_route=\/wp\/v2\/posts\/1148\/revisions"}],"wp:attachment":[{"href":"https:\/\/stemarie-derval.fr\/index.php?rest_route=%2Fwp%2Fv2%2Fmedia&parent=1148"}],"wp:term":[{"taxonomy":"category","embeddable":true,"href":"https:\/\/stemarie-derval.fr\/index.php?rest_route=%2Fwp%2Fv2%2Fcategories&post=1148"},{"taxonomy":"post_tag","embeddable":true,"href":"https:\/\/stemarie-derval.fr\/index.php?rest_route=%2Fwp%2Fv2%2Ftags&post=1148"}],"curies":[{"name":"wp","href":"https:\/\/api.w.org\/{rel}","templated":true}]}}