{"id":1198,"date":"2017-09-03T11:33:23","date_gmt":"2017-09-03T09:33:23","guid":{"rendered":"https:\/\/stemarie-derval.fr\/?p=1198"},"modified":"2017-09-03T11:33:23","modified_gmt":"2017-09-03T09:33:23","slug":"preparation-de-la-rentree-scolaire","status":"publish","type":"post","link":"https:\/\/stemarie-derval.fr\/?p=1198","title":{"rendered":"Pr\u00e9paration de la rentr\u00e9e scolaire"},"content":{"rendered":"<p>Nouveaut\u00e9 pour la rentr\u00e9e, les CP vont d\u00e9couvrir leur classe avec de nouvelles tables et chaises (et un nouveau tableau \u00e0 venir).<\/p>\n<p><img loading=\"lazy\" decoding=\"async\" class=\"aligncenter size-large wp-image-1199\" src=\"https:\/\/stemarie-derval.fr\/wp-content\/uploads\/2017\/09\/DSC00793-1024x768.jpg\" alt=\"\" height=\"397\" width=\"530\" srcset=\"https:\/\/stemarie-derval.fr\/wp-content\/uploads\/2017\/09\/DSC00793-1024x768.jpg 1024w, https:\/\/stemarie-derval.fr\/wp-content\/uploads\/2017\/09\/DSC00793-300x225.jpg 300w, https:\/\/stemarie-derval.fr\/wp-content\/uploads\/2017\/09\/DSC00793-768x576.jpg 768w, https:\/\/stemarie-derval.fr\/wp-content\/uploads\/2017\/09\/DSC00793.jpg 2048w\" sizes=\"(max-width: 530px) 100vw, 530px\" \/><\/p>\n<p>Gr\u00e2ce aux b\u00e9n\u00e9fices du loto de l&rsquo;OGEC, les classes de CP, CE1\/CE2 et CM2 ont \u00e9t\u00e9 \u00e9quip\u00e9es cet \u00e9t\u00e9 d&rsquo;un vid\u00e9oprojecteur fixe et d&rsquo;enceintes audio (Merci \u00e0 Julien Le Bihan pour l&rsquo;installation du mat\u00e9riel).<\/p>\n<p><img loading=\"lazy\" decoding=\"async\" class=\"aligncenter size-large wp-image-1200\" src=\"https:\/\/stemarie-derval.fr\/wp-content\/uploads\/2017\/09\/DSC00792-1024x768.jpg\" alt=\"\" height=\"397\" width=\"528\" srcset=\"https:\/\/stemarie-derval.fr\/wp-content\/uploads\/2017\/09\/DSC00792-1024x768.jpg 1024w, https:\/\/stemarie-derval.fr\/wp-content\/uploads\/2017\/09\/DSC00792-300x225.jpg 300w, https:\/\/stemarie-derval.fr\/wp-content\/uploads\/2017\/09\/DSC00792-768x576.jpg 768w, https:\/\/stemarie-derval.fr\/wp-content\/uploads\/2017\/09\/DSC00792.jpg 2048w\" sizes=\"(max-width: 528px) 100vw, 528px\" \/><\/p>\n","protected":false},"excerpt":{"rendered":"<p>Nouveaut\u00e9 pour la rentr\u00e9e, les CP vont d\u00e9couvrir leur classe avec de nouvelles tables et chaises (et un nouveau tableau \u00e0 venir). Gr\u00e2ce aux b\u00e9n\u00e9fices du loto de l&rsquo;OGEC, les classes de CP, CE1\/CE2 et CM2 ont \u00e9t\u00e9 \u00e9quip\u00e9es cet \u00e9t\u00e9 d&rsquo;un vid\u00e9oprojecteur fixe et d&rsquo;enceintes audio (Merci \u00e0 Julien Le Bihan pour l&rsquo;installation du<\/p>\n<p><a href=\"https:\/\/stemarie-derval.fr\/?p=1198\" class=\"more-link themebutton\">Lire la suite<\/a><\/p>\n","protected":false},"author":1,"featured_media":0,"comment_status":"closed","ping_status":"closed","sticky":false,"template":"","format":"standard","meta":{"footnotes":""},"categories":[26],"tags":[],"_links":{"self":[{"href":"https:\/\/stemarie-derval.fr\/index.php?rest_route=\/wp\/v2\/posts\/1198"}],"collection":[{"href":"https:\/\/stemarie-derval.fr\/index.php?rest_route=\/wp\/v2\/posts"}],"about":[{"href":"https:\/\/stemarie-derval.fr\/index.php?rest_route=\/wp\/v2\/types\/post"}],"author":[{"embeddable":true,"href":"https:\/\/stemarie-derval.fr\/index.php?rest_route=\/wp\/v2\/users\/1"}],"replies":[{"embeddable":true,"href":"https:\/\/stemarie-derval.fr\/index.php?rest_route=%2Fwp%2Fv2%2Fcomments&post=1198"}],"version-history":[{"count":0,"href":"https:\/\/stemarie-derval.fr\/index.php?rest_route=\/wp\/v2\/posts\/1198\/revisions"}],"wp:attachment":[{"href":"https:\/\/stemarie-derval.fr\/index.php?rest_route=%2Fwp%2Fv2%2Fmedia&parent=1198"}],"wp:term":[{"taxonomy":"category","embeddable":true,"href":"https:\/\/stemarie-derval.fr\/index.php?rest_route=%2Fwp%2Fv2%2Fcategories&post=1198"},{"taxonomy":"post_tag","embeddable":true,"href":"https:\/\/stemarie-derval.fr\/index.php?rest_route=%2Fwp%2Fv2%2Ftags&post=1198"}],"curies":[{"name":"wp","href":"https:\/\/api.w.org\/{rel}","templated":true}]}}