{"id":1226,"date":"2017-09-28T17:36:07","date_gmt":"2017-09-28T15:36:07","guid":{"rendered":"https:\/\/stemarie-derval.fr\/?p=1226"},"modified":"2017-09-28T17:36:07","modified_gmt":"2017-09-28T15:36:07","slug":"arrivee-de-la-mascotte","status":"publish","type":"post","link":"https:\/\/stemarie-derval.fr\/?p=1226","title":{"rendered":"Arriv\u00e9e de la mascotte"},"content":{"rendered":"<p>Lundi 11 septembre, les enfants ont d\u00e9couvert dans la classe un paquet cadeau.<\/p>\n<p>Que peut-il y avoir \u00e0 l&rsquo;int\u00e9rieur ?<\/p>\n<p>On le soup\u00e8se, on \u00e9coute, &#8230; rien.<\/p>\n<p>On commence \u00e0 l&rsquo;ouvrir&#8230; un petit museau appara\u00eet, une oreille. Oh ! c&rsquo;est un ours.<\/p>\n<p>Les enfants lui souhaitent la bienvenue.<\/p>\n<p>&nbsp;<\/p>\n<p><a href=\"https:\/\/stemarie-derval.fr\/wp-content\/uploads\/2017\/09\/P1030345-2.jpg\"><img loading=\"lazy\" decoding=\"async\" class=\"size-medium wp-image-1252 aligncenter\" src=\"https:\/\/stemarie-derval.fr\/wp-content\/uploads\/2017\/09\/P1030345-2-225x300.jpg\" alt=\"\" width=\"225\" height=\"300\" srcset=\"https:\/\/stemarie-derval.fr\/wp-content\/uploads\/2017\/09\/P1030345-2-225x300.jpg 225w, https:\/\/stemarie-derval.fr\/wp-content\/uploads\/2017\/09\/P1030345-2-768x1024.jpg 768w, https:\/\/stemarie-derval.fr\/wp-content\/uploads\/2017\/09\/P1030345-2.jpg 1536w\" sizes=\"(max-width: 225px) 100vw, 225px\" \/><\/a><\/p>\n<p>&nbsp;<\/p>\n","protected":false},"excerpt":{"rendered":"<p>Lundi 11 septembre, les enfants ont d\u00e9couvert dans la classe un paquet cadeau. Que peut-il y avoir \u00e0 l&rsquo;int\u00e9rieur ? On le soup\u00e8se, on \u00e9coute, &#8230; rien. On commence \u00e0 l&rsquo;ouvrir&#8230; un petit museau appara\u00eet, une oreille. Oh ! c&rsquo;est un ours. Les enfants lui souhaitent la bienvenue. &nbsp; &nbsp;<\/p>\n","protected":false},"author":4,"featured_media":0,"comment_status":"closed","ping_status":"closed","sticky":false,"template":"","format":"standard","meta":{"footnotes":""},"categories":[12],"tags":[],"_links":{"self":[{"href":"https:\/\/stemarie-derval.fr\/index.php?rest_route=\/wp\/v2\/posts\/1226"}],"collection":[{"href":"https:\/\/stemarie-derval.fr\/index.php?rest_route=\/wp\/v2\/posts"}],"about":[{"href":"https:\/\/stemarie-derval.fr\/index.php?rest_route=\/wp\/v2\/types\/post"}],"author":[{"embeddable":true,"href":"https:\/\/stemarie-derval.fr\/index.php?rest_route=\/wp\/v2\/users\/4"}],"replies":[{"embeddable":true,"href":"https:\/\/stemarie-derval.fr\/index.php?rest_route=%2Fwp%2Fv2%2Fcomments&post=1226"}],"version-history":[{"count":0,"href":"https:\/\/stemarie-derval.fr\/index.php?rest_route=\/wp\/v2\/posts\/1226\/revisions"}],"wp:attachment":[{"href":"https:\/\/stemarie-derval.fr\/index.php?rest_route=%2Fwp%2Fv2%2Fmedia&parent=1226"}],"wp:term":[{"taxonomy":"category","embeddable":true,"href":"https:\/\/stemarie-derval.fr\/index.php?rest_route=%2Fwp%2Fv2%2Fcategories&post=1226"},{"taxonomy":"post_tag","embeddable":true,"href":"https:\/\/stemarie-derval.fr\/index.php?rest_route=%2Fwp%2Fv2%2Ftags&post=1226"}],"curies":[{"name":"wp","href":"https:\/\/api.w.org\/{rel}","templated":true}]}}