{"id":1250,"date":"2017-09-28T18:31:53","date_gmt":"2017-09-28T16:31:53","guid":{"rendered":"https:\/\/stemarie-derval.fr\/?p=1250"},"modified":"2017-09-28T18:31:53","modified_gmt":"2017-09-28T16:31:53","slug":"rentree-des-ce1","status":"publish","type":"post","link":"https:\/\/stemarie-derval.fr\/?p=1250","title":{"rendered":"rentr\u00e9e des CE1"},"content":{"rendered":"<p>Les 24 \u00e9l\u00e8ves de la classe de CE1 ont 2 maitresses cette ann\u00e9e. Anne-Jos\u00e9e et Catheline&nbsp;&nbsp; le vendredi ).<\/p>\n<p>La&nbsp; premi\u00e8re s\u00e9ance d&rsquo;arts visuels&nbsp; consistait \u00e0 dessiner le contour de nos mains (voir diaporama).<\/p>\n<p>Nous avons appris la po\u00e9sie Jour de rentr\u00e9e de Karine Persillet&nbsp; et le chant traditionnel \u00ab\u00a0il y a bien 10 ans que ma vigne est m\u00fbre\u00a0\u00bb<\/p>\n<p>[ngg_images source=\u00a0\u00bbgalleries\u00a0\u00bb container_ids=\u00a0\u00bb80&Prime; display_type=\u00a0\u00bbphotocrati-nextgen_basic_thumbnails\u00a0\u00bb override_thumbnail_settings=\u00a0\u00bb0&Prime; thumbnail_width=\u00a0\u00bb100&Prime; thumbnail_height=\u00a0\u00bb75&Prime; thumbnail_crop=\u00a0\u00bb1&Prime; images_per_page=\u00a0\u00bb20&Prime; number_of_columns=\u00a0\u00bb0&Prime; ajax_pagination=\u00a0\u00bb0&Prime; show_all_in_lightbox=\u00a0\u00bb0&Prime; use_imagebrowser_effect=\u00a0\u00bb0&Prime; show_slideshow_link=\u00a0\u00bb1&Prime; slideshow_link_text=\u00a0\u00bb[Show as slideshow]\u00a0\u00bb order_by=\u00a0\u00bbsortorder\u00a0\u00bb order_direction=\u00a0\u00bbASC\u00a0\u00bb returns=\u00a0\u00bbincluded\u00a0\u00bb maximum_entity_count=\u00a0\u00bb500&Prime;]<\/p>\n","protected":false},"excerpt":{"rendered":"<p>Les 24 \u00e9l\u00e8ves de la classe de CE1 ont 2 maitresses cette ann\u00e9e. Anne-Jos\u00e9e et Catheline&nbsp;&nbsp; le vendredi ). La&nbsp; premi\u00e8re s\u00e9ance d&rsquo;arts visuels&nbsp; consistait \u00e0 dessiner le contour de nos mains (voir diaporama). Nous avons appris la po\u00e9sie Jour de rentr\u00e9e de Karine Persillet&nbsp; et le chant traditionnel \u00ab\u00a0il y a bien 10 ans<\/p>\n<p><a href=\"https:\/\/stemarie-derval.fr\/?p=1250\" class=\"more-link themebutton\">Lire la suite<\/a><\/p>\n","protected":false},"author":1,"featured_media":0,"comment_status":"closed","ping_status":"closed","sticky":false,"template":"","format":"standard","meta":{"footnotes":""},"categories":[1],"tags":[],"_links":{"self":[{"href":"https:\/\/stemarie-derval.fr\/index.php?rest_route=\/wp\/v2\/posts\/1250"}],"collection":[{"href":"https:\/\/stemarie-derval.fr\/index.php?rest_route=\/wp\/v2\/posts"}],"about":[{"href":"https:\/\/stemarie-derval.fr\/index.php?rest_route=\/wp\/v2\/types\/post"}],"author":[{"embeddable":true,"href":"https:\/\/stemarie-derval.fr\/index.php?rest_route=\/wp\/v2\/users\/1"}],"replies":[{"embeddable":true,"href":"https:\/\/stemarie-derval.fr\/index.php?rest_route=%2Fwp%2Fv2%2Fcomments&post=1250"}],"version-history":[{"count":0,"href":"https:\/\/stemarie-derval.fr\/index.php?rest_route=\/wp\/v2\/posts\/1250\/revisions"}],"wp:attachment":[{"href":"https:\/\/stemarie-derval.fr\/index.php?rest_route=%2Fwp%2Fv2%2Fmedia&parent=1250"}],"wp:term":[{"taxonomy":"category","embeddable":true,"href":"https:\/\/stemarie-derval.fr\/index.php?rest_route=%2Fwp%2Fv2%2Fcategories&post=1250"},{"taxonomy":"post_tag","embeddable":true,"href":"https:\/\/stemarie-derval.fr\/index.php?rest_route=%2Fwp%2Fv2%2Ftags&post=1250"}],"curies":[{"name":"wp","href":"https:\/\/api.w.org\/{rel}","templated":true}]}}