{"id":1254,"date":"2017-09-28T17:48:47","date_gmt":"2017-09-28T15:48:47","guid":{"rendered":"https:\/\/stemarie-derval.fr\/?p=1254"},"modified":"2017-09-28T17:48:47","modified_gmt":"2017-09-28T15:48:47","slug":"lelection-des-delegues","status":"publish","type":"post","link":"https:\/\/stemarie-derval.fr\/?p=1254","title":{"rendered":"L&rsquo;\u00e9lection des d\u00e9l\u00e9gu\u00e9s"},"content":{"rendered":"<p style=\"text-align: left;\">Apr\u00e8s avoir rappel\u00e9 le r\u00f4le des d\u00e9l\u00e9gu\u00e9s, voici maintenant la liste officielle des candidats pour notre classe. Ils sont 12 candidats:<\/p>\n<ul style=\"text-align: left;\">\n<li>10 filles: Loeva, Fanchon, Lou-Ann, Yoline, Justine, Zo\u00e9, Sarah-Lou, Lola, Maeva, Marion<\/li>\n<li>2 gar\u00e7ons: Lilian et Camille<\/li>\n<\/ul>\n<p style=\"text-align: center;\">Ils entreront en campagne d\u00e8s la semaine prochaine avec la pr\u00e9sentation de leur affiche et leur discours.<\/p>\n<p style=\"text-align: center;\">Le vote aura lieu jeudi prochain 5 octobre.<\/p>\n<p style=\"text-align: center;\">Nous leur souhaitons bonne chance !<\/p>\n<p><a href=\"https:\/\/stemarie-derval.fr\/wp-content\/uploads\/2017\/09\/IMG_7333.jpg\"><img loading=\"lazy\" decoding=\"async\" class=\"size-medium wp-image-1285 aligncenter\" src=\"https:\/\/stemarie-derval.fr\/wp-content\/uploads\/2017\/09\/IMG_7333-300x200.jpg\" alt=\"\" height=\"200\" width=\"300\" srcset=\"https:\/\/stemarie-derval.fr\/wp-content\/uploads\/2017\/09\/IMG_7333-300x200.jpg 300w, https:\/\/stemarie-derval.fr\/wp-content\/uploads\/2017\/09\/IMG_7333-768x512.jpg 768w, https:\/\/stemarie-derval.fr\/wp-content\/uploads\/2017\/09\/IMG_7333-1024x683.jpg 1024w, https:\/\/stemarie-derval.fr\/wp-content\/uploads\/2017\/09\/IMG_7333-272x182.jpg 272w, https:\/\/stemarie-derval.fr\/wp-content\/uploads\/2017\/09\/IMG_7333.jpg 2048w\" sizes=\"(max-width: 300px) 100vw, 300px\" \/><\/a><\/p>\n","protected":false},"excerpt":{"rendered":"<p>Apr\u00e8s avoir rappel\u00e9 le r\u00f4le des d\u00e9l\u00e9gu\u00e9s, voici maintenant la liste officielle des candidats pour notre classe. Ils sont 12 candidats: 10 filles: Loeva, Fanchon, Lou-Ann, Yoline, Justine, Zo\u00e9, Sarah-Lou, Lola, Maeva, Marion 2 gar\u00e7ons: Lilian et Camille Ils entreront en campagne d\u00e8s la semaine prochaine avec la pr\u00e9sentation de leur affiche et leur discours.<\/p>\n<p><a href=\"https:\/\/stemarie-derval.fr\/?p=1254\" class=\"more-link themebutton\">Lire la suite<\/a><\/p>\n","protected":false},"author":9,"featured_media":0,"comment_status":"closed","ping_status":"closed","sticky":false,"template":"","format":"standard","meta":{"footnotes":""},"categories":[7],"tags":[],"_links":{"self":[{"href":"https:\/\/stemarie-derval.fr\/index.php?rest_route=\/wp\/v2\/posts\/1254"}],"collection":[{"href":"https:\/\/stemarie-derval.fr\/index.php?rest_route=\/wp\/v2\/posts"}],"about":[{"href":"https:\/\/stemarie-derval.fr\/index.php?rest_route=\/wp\/v2\/types\/post"}],"author":[{"embeddable":true,"href":"https:\/\/stemarie-derval.fr\/index.php?rest_route=\/wp\/v2\/users\/9"}],"replies":[{"embeddable":true,"href":"https:\/\/stemarie-derval.fr\/index.php?rest_route=%2Fwp%2Fv2%2Fcomments&post=1254"}],"version-history":[{"count":0,"href":"https:\/\/stemarie-derval.fr\/index.php?rest_route=\/wp\/v2\/posts\/1254\/revisions"}],"wp:attachment":[{"href":"https:\/\/stemarie-derval.fr\/index.php?rest_route=%2Fwp%2Fv2%2Fmedia&parent=1254"}],"wp:term":[{"taxonomy":"category","embeddable":true,"href":"https:\/\/stemarie-derval.fr\/index.php?rest_route=%2Fwp%2Fv2%2Fcategories&post=1254"},{"taxonomy":"post_tag","embeddable":true,"href":"https:\/\/stemarie-derval.fr\/index.php?rest_route=%2Fwp%2Fv2%2Ftags&post=1254"}],"curies":[{"name":"wp","href":"https:\/\/api.w.org\/{rel}","templated":true}]}}