{"id":1478,"date":"2017-10-06T17:22:35","date_gmt":"2017-10-06T15:22:35","guid":{"rendered":"https:\/\/stemarie-derval.fr\/?p=1478"},"modified":"2017-10-06T17:22:35","modified_gmt":"2017-10-06T15:22:35","slug":"cross-du-college","status":"publish","type":"post","link":"https:\/\/stemarie-derval.fr\/?p=1478","title":{"rendered":"Cross du coll\u00e8ge"},"content":{"rendered":"<p>Le jeudi 5 octobre, nous sommes all\u00e9s au cross du coll\u00e8ge. Ce cross a eu lieu au coll\u00e8ge Saint Donatien de Derval. Tous les \u00e9l\u00e8ves du coll\u00e8ge Saint Joseph \u00e9taient r\u00e9unis ainsi que les CM2 de Derval, Sion-les-Mines et Lusanger.<\/p>\n<p>La premi\u00e8re course des CM1-CM2-6\u00e8me filles a eu lieu \u00e0 12h45.&nbsp; Le podium des CM1-CM2 est:<\/p>\n<p>1\u00e8re: Flavie Boivent<\/p>\n<p>2\u00e8me: Mathilde Linclau<\/p>\n<p>3\u00e8me: Flora Pledel<\/p>\n<p>Ensuite, il y a eu la course des CM1-CM2-6\u00e8me gar\u00e7ons \u00e0 13h15. Le podium des CM1-CM2 est:<\/p>\n<p>1er: Sacha Lebastard<\/p>\n<p>2\u00e8me: Noa Fourrage<\/p>\n<p>3\u00e8me: Adam Donnay<\/p>\n<p>Le directeur a remis un dipl\u00f4me aux vainqueurs lors de l&rsquo;assembl\u00e9e d&rsquo;\u00e9l\u00e8ves.&nbsp;&nbsp;&nbsp;&nbsp;&nbsp;<\/p>\n<p>(Flavie et Flore)<\/p>\n<p>&nbsp;<\/p>\n<p><a href=\"https:\/\/stemarie-derval.fr\/wp-content\/uploads\/2017\/10\/DSCN3736.jpg\"><img loading=\"lazy\" decoding=\"async\" class=\"size-medium wp-image-1479 aligncenter\" src=\"https:\/\/stemarie-derval.fr\/wp-content\/uploads\/2017\/10\/DSCN3736-300x225.jpg\" alt=\"\" width=\"300\" height=\"225\" srcset=\"https:\/\/stemarie-derval.fr\/wp-content\/uploads\/2017\/10\/DSCN3736-300x225.jpg 300w, https:\/\/stemarie-derval.fr\/wp-content\/uploads\/2017\/10\/DSCN3736-768x576.jpg 768w, https:\/\/stemarie-derval.fr\/wp-content\/uploads\/2017\/10\/DSCN3736-1024x768.jpg 1024w, https:\/\/stemarie-derval.fr\/wp-content\/uploads\/2017\/10\/DSCN3736.jpg 2048w\" sizes=\"(max-width: 300px) 100vw, 300px\" \/><\/a><\/p>\n","protected":false},"excerpt":{"rendered":"<p>Le jeudi 5 octobre, nous sommes all\u00e9s au cross du coll\u00e8ge. Ce cross a eu lieu au coll\u00e8ge Saint Donatien de Derval. Tous les \u00e9l\u00e8ves du coll\u00e8ge Saint Joseph \u00e9taient r\u00e9unis ainsi que les CM2 de Derval, Sion-les-Mines et Lusanger. La premi\u00e8re course des CM1-CM2-6\u00e8me filles a eu lieu \u00e0 12h45.&nbsp; Le podium des CM1-CM2<\/p>\n<p><a href=\"https:\/\/stemarie-derval.fr\/?p=1478\" class=\"more-link themebutton\">Lire la suite<\/a><\/p>\n","protected":false},"author":10,"featured_media":0,"comment_status":"closed","ping_status":"closed","sticky":false,"template":"","format":"standard","meta":{"footnotes":""},"categories":[5],"tags":[],"_links":{"self":[{"href":"https:\/\/stemarie-derval.fr\/index.php?rest_route=\/wp\/v2\/posts\/1478"}],"collection":[{"href":"https:\/\/stemarie-derval.fr\/index.php?rest_route=\/wp\/v2\/posts"}],"about":[{"href":"https:\/\/stemarie-derval.fr\/index.php?rest_route=\/wp\/v2\/types\/post"}],"author":[{"embeddable":true,"href":"https:\/\/stemarie-derval.fr\/index.php?rest_route=\/wp\/v2\/users\/10"}],"replies":[{"embeddable":true,"href":"https:\/\/stemarie-derval.fr\/index.php?rest_route=%2Fwp%2Fv2%2Fcomments&post=1478"}],"version-history":[{"count":0,"href":"https:\/\/stemarie-derval.fr\/index.php?rest_route=\/wp\/v2\/posts\/1478\/revisions"}],"wp:attachment":[{"href":"https:\/\/stemarie-derval.fr\/index.php?rest_route=%2Fwp%2Fv2%2Fmedia&parent=1478"}],"wp:term":[{"taxonomy":"category","embeddable":true,"href":"https:\/\/stemarie-derval.fr\/index.php?rest_route=%2Fwp%2Fv2%2Fcategories&post=1478"},{"taxonomy":"post_tag","embeddable":true,"href":"https:\/\/stemarie-derval.fr\/index.php?rest_route=%2Fwp%2Fv2%2Ftags&post=1478"}],"curies":[{"name":"wp","href":"https:\/\/api.w.org\/{rel}","templated":true}]}}