{"id":1484,"date":"2017-10-06T17:31:58","date_gmt":"2017-10-06T15:31:58","guid":{"rendered":"https:\/\/stemarie-derval.fr\/?p=1484"},"modified":"2017-10-06T17:31:58","modified_gmt":"2017-10-06T15:31:58","slug":"election-des-delegues","status":"publish","type":"post","link":"https:\/\/stemarie-derval.fr\/?p=1484","title":{"rendered":"Election des d\u00e9l\u00e9gu\u00e9s"},"content":{"rendered":"<p>Mardi 3 octobre, nous avons \u00e9lu nos d\u00e9l\u00e9gu\u00e9s de classe. Voici les r\u00e9sultats:<\/p>\n<p>D\u00e9l\u00e9gu\u00e9e CM2: Laura Poirier<\/p>\n<p>D\u00e9l\u00e9gu\u00e9e suppl\u00e9ante CM2: Clara Couronn\u00e9<\/p>\n<p>Pour les CM1, les r\u00e9sultats \u00e9taient serr\u00e9s et nous n&rsquo;avons pas pu les d\u00e9partager. Nous avons donc d\u00e9cid\u00e9 de garder les deux d\u00e9l\u00e9gu\u00e9s qui feront chacun une moiti\u00e9 de l&rsquo;ann\u00e9e.<\/p>\n<p>D\u00e9l\u00e9gu\u00e9s CM1: Laure Gallard et Na\u00ebl Bouchakour<\/p>\n<p style=\"text-align: center;\"><a href=\"https:\/\/stemarie-derval.fr\/wp-content\/uploads\/2017\/10\/DSCN3737.jpg\"><img loading=\"lazy\" decoding=\"async\" class=\"size-medium wp-image-1485 aligncenter\" src=\"https:\/\/stemarie-derval.fr\/wp-content\/uploads\/2017\/10\/DSCN3737-300x225.jpg\" alt=\"\" width=\"300\" height=\"225\" srcset=\"https:\/\/stemarie-derval.fr\/wp-content\/uploads\/2017\/10\/DSCN3737-300x225.jpg 300w, https:\/\/stemarie-derval.fr\/wp-content\/uploads\/2017\/10\/DSCN3737-768x576.jpg 768w, https:\/\/stemarie-derval.fr\/wp-content\/uploads\/2017\/10\/DSCN3737-1024x768.jpg 1024w, https:\/\/stemarie-derval.fr\/wp-content\/uploads\/2017\/10\/DSCN3737.jpg 2048w\" sizes=\"(max-width: 300px) 100vw, 300px\" \/><\/a><\/p>\n","protected":false},"excerpt":{"rendered":"<p>Mardi 3 octobre, nous avons \u00e9lu nos d\u00e9l\u00e9gu\u00e9s de classe. Voici les r\u00e9sultats: D\u00e9l\u00e9gu\u00e9e CM2: Laura Poirier D\u00e9l\u00e9gu\u00e9e suppl\u00e9ante CM2: Clara Couronn\u00e9 Pour les CM1, les r\u00e9sultats \u00e9taient serr\u00e9s et nous n&rsquo;avons pas pu les d\u00e9partager. Nous avons donc d\u00e9cid\u00e9 de garder les deux d\u00e9l\u00e9gu\u00e9s qui feront chacun une moiti\u00e9 de l&rsquo;ann\u00e9e. D\u00e9l\u00e9gu\u00e9s CM1: Laure<\/p>\n<p><a href=\"https:\/\/stemarie-derval.fr\/?p=1484\" class=\"more-link themebutton\">Lire la suite<\/a><\/p>\n","protected":false},"author":10,"featured_media":0,"comment_status":"closed","ping_status":"closed","sticky":false,"template":"","format":"standard","meta":{"footnotes":""},"categories":[5],"tags":[],"_links":{"self":[{"href":"https:\/\/stemarie-derval.fr\/index.php?rest_route=\/wp\/v2\/posts\/1484"}],"collection":[{"href":"https:\/\/stemarie-derval.fr\/index.php?rest_route=\/wp\/v2\/posts"}],"about":[{"href":"https:\/\/stemarie-derval.fr\/index.php?rest_route=\/wp\/v2\/types\/post"}],"author":[{"embeddable":true,"href":"https:\/\/stemarie-derval.fr\/index.php?rest_route=\/wp\/v2\/users\/10"}],"replies":[{"embeddable":true,"href":"https:\/\/stemarie-derval.fr\/index.php?rest_route=%2Fwp%2Fv2%2Fcomments&post=1484"}],"version-history":[{"count":0,"href":"https:\/\/stemarie-derval.fr\/index.php?rest_route=\/wp\/v2\/posts\/1484\/revisions"}],"wp:attachment":[{"href":"https:\/\/stemarie-derval.fr\/index.php?rest_route=%2Fwp%2Fv2%2Fmedia&parent=1484"}],"wp:term":[{"taxonomy":"category","embeddable":true,"href":"https:\/\/stemarie-derval.fr\/index.php?rest_route=%2Fwp%2Fv2%2Fcategories&post=1484"},{"taxonomy":"post_tag","embeddable":true,"href":"https:\/\/stemarie-derval.fr\/index.php?rest_route=%2Fwp%2Fv2%2Ftags&post=1484"}],"curies":[{"name":"wp","href":"https:\/\/api.w.org\/{rel}","templated":true}]}}