{"id":1518,"date":"2017-10-15T20:45:09","date_gmt":"2017-10-15T18:45:09","guid":{"rendered":"https:\/\/stemarie-derval.fr\/?p=1518"},"modified":"2017-10-15T20:45:09","modified_gmt":"2017-10-15T18:45:09","slug":"journees-du-gout-2017","status":"publish","type":"post","link":"https:\/\/stemarie-derval.fr\/?p=1518","title":{"rendered":"journ\u00e9es du go\u00fbt 2017"},"content":{"rendered":"<p>Lundi 9 octobre et mardi 10 octobre nous avons go\u00fbt\u00e9 des quartiers de pommes(reinette,gala, granny,canada,golden) et des petites grappes de raisin (noir et blanc) avec les \u00e9l\u00e8ves de Petite Section. &nbsp; Nous avons&nbsp; revu le vocabulaire &nbsp; (verger, pelure, loges, p\u00e9pins,chair&#8230;). Nous avons go\u00fbt\u00e9 le jus de pommes&nbsp; gr\u00e2ce \u00e0 l&rsquo; extracteur de jus que notre directeur a apport\u00e9. .Nous avons fait du jus avec un moulin \u00e0 l\u00e9gumes&nbsp;&nbsp;<\/p>\n<p>Jeudi, c&rsquo;\u00e9tait l&rsquo;\u00e9pluchage et le vidage des pommes pour cuisiner des pommes au four.<\/p>\n<p>Vendredi on d\u00e9gustait avec Catheline la ma\u00eetresse du vendredi.<\/p>\n<p><a href=\"https:\/\/stemarie-derval.fr\/wp-content\/uploads\/2017\/10\/20171009_102652.jpg\"><img loading=\"lazy\" decoding=\"async\" class=\" wp-image-1643 alignleft\" src=\"https:\/\/stemarie-derval.fr\/wp-content\/uploads\/2017\/10\/20171009_102652-300x225.jpg\" alt=\"\" width=\"423\" height=\"317\" srcset=\"https:\/\/stemarie-derval.fr\/wp-content\/uploads\/2017\/10\/20171009_102652-300x225.jpg 300w, https:\/\/stemarie-derval.fr\/wp-content\/uploads\/2017\/10\/20171009_102652-768x576.jpg 768w, https:\/\/stemarie-derval.fr\/wp-content\/uploads\/2017\/10\/20171009_102652-1024x768.jpg 1024w, https:\/\/stemarie-derval.fr\/wp-content\/uploads\/2017\/10\/20171009_102652.jpg 2048w\" sizes=\"(max-width: 423px) 100vw, 423px\" \/><\/a><\/p>\n<p>&nbsp;<\/p>\n<p>&nbsp;<\/p>\n<p>&nbsp;<\/p>\n<p>&nbsp;<\/p>\n<p>&nbsp;<\/p>\n<p>&nbsp;<\/p>\n<p>&nbsp;<\/p>\n<p>&nbsp;<\/p>\n<p><a href=\"https:\/\/stemarie-derval.fr\/wp-content\/uploads\/2017\/10\/20171009_101718.jpg\"><img loading=\"lazy\" decoding=\"async\" class=\"alignnone size-medium wp-image-1642\" src=\"https:\/\/stemarie-derval.fr\/wp-content\/uploads\/2017\/10\/20171009_101718-225x300.jpg\" alt=\"\" width=\"225\" height=\"300\" srcset=\"https:\/\/stemarie-derval.fr\/wp-content\/uploads\/2017\/10\/20171009_101718-225x300.jpg 225w, https:\/\/stemarie-derval.fr\/wp-content\/uploads\/2017\/10\/20171009_101718-768x1024.jpg 768w, https:\/\/stemarie-derval.fr\/wp-content\/uploads\/2017\/10\/20171009_101718.jpg 1536w\" sizes=\"(max-width: 225px) 100vw, 225px\" \/><\/a><\/p>\n","protected":false},"excerpt":{"rendered":"<p>Lundi 9 octobre et mardi 10 octobre nous avons go\u00fbt\u00e9 des quartiers de pommes(reinette,gala, granny,canada,golden) et des petites grappes de raisin (noir et blanc) avec les \u00e9l\u00e8ves de Petite Section. &nbsp; Nous avons&nbsp; revu le vocabulaire &nbsp; (verger, pelure, loges, p\u00e9pins,chair&#8230;). Nous avons go\u00fbt\u00e9 le jus de pommes&nbsp; gr\u00e2ce \u00e0 l&rsquo; extracteur de jus que<\/p>\n<p><a href=\"https:\/\/stemarie-derval.fr\/?p=1518\" class=\"more-link themebutton\">Lire la suite<\/a><\/p>\n","protected":false},"author":1,"featured_media":0,"comment_status":"closed","ping_status":"closed","sticky":false,"template":"","format":"standard","meta":{"footnotes":""},"categories":[1],"tags":[],"_links":{"self":[{"href":"https:\/\/stemarie-derval.fr\/index.php?rest_route=\/wp\/v2\/posts\/1518"}],"collection":[{"href":"https:\/\/stemarie-derval.fr\/index.php?rest_route=\/wp\/v2\/posts"}],"about":[{"href":"https:\/\/stemarie-derval.fr\/index.php?rest_route=\/wp\/v2\/types\/post"}],"author":[{"embeddable":true,"href":"https:\/\/stemarie-derval.fr\/index.php?rest_route=\/wp\/v2\/users\/1"}],"replies":[{"embeddable":true,"href":"https:\/\/stemarie-derval.fr\/index.php?rest_route=%2Fwp%2Fv2%2Fcomments&post=1518"}],"version-history":[{"count":0,"href":"https:\/\/stemarie-derval.fr\/index.php?rest_route=\/wp\/v2\/posts\/1518\/revisions"}],"wp:attachment":[{"href":"https:\/\/stemarie-derval.fr\/index.php?rest_route=%2Fwp%2Fv2%2Fmedia&parent=1518"}],"wp:term":[{"taxonomy":"category","embeddable":true,"href":"https:\/\/stemarie-derval.fr\/index.php?rest_route=%2Fwp%2Fv2%2Fcategories&post=1518"},{"taxonomy":"post_tag","embeddable":true,"href":"https:\/\/stemarie-derval.fr\/index.php?rest_route=%2Fwp%2Fv2%2Ftags&post=1518"}],"curies":[{"name":"wp","href":"https:\/\/api.w.org\/{rel}","templated":true}]}}