{"id":1541,"date":"2017-10-11T09:43:34","date_gmt":"2017-10-11T07:43:34","guid":{"rendered":"https:\/\/stemarie-derval.fr\/?p=1541"},"modified":"2017-10-11T09:43:34","modified_gmt":"2017-10-11T07:43:34","slug":"un-petit-dejeuner-gourmand","status":"publish","type":"post","link":"https:\/\/stemarie-derval.fr\/?p=1541","title":{"rendered":"Un petit d\u00e9jeuner gourmand"},"content":{"rendered":"<p>Les classes de MS\/GS B et CM2 se sont retrouv\u00e9es autour d&rsquo;un petit d\u00e9jeuner \u00e0 l&rsquo;occasion de la semaine du go\u00fbt.<\/p>\n<p>Une occasion \u00e0 ne pas rater pour partager un bon moment et appr\u00e9hender de nouvelles saveurs.<\/p>\n<p>Et c&rsquo;est par le biais d&rsquo;une tr\u00e8s grande diversit\u00e9 de confitures que les enfants ont pu go\u00fbter et donner un avis sur ce qu&rsquo;ils aimaient ou pas. Ils ont pu ainsi test\u00e9 les confitures de citrouille, de tomates vertes, de coings, de cactus, de gel\u00e9e de basilic&#8230; et bien d&rsquo;autres encore!<\/p>\n<p>Apr\u00e8s un savoureux et tr\u00e8s diversifi\u00e9 petit d\u00e9jeuner pris ensemble (les grands coachant les petits \ud83d\ude42 ), nous avons eu la visite de Marina, di\u00e9t\u00e9ticienne et responsable du restaurant scolaire qui nous a sensibilis\u00e9 aux bienfaits du premier repas de la journ\u00e9e. Pour r\u00e9sumer: un laitage pour nos os, un jus de fruit (ou fruit) pour les vitamines et des c\u00e9r\u00e9ales (pain, biscottes&#8230;) pour l&rsquo;\u00e9nergie. De quoi affronter sereinement une journ\u00e9e de classe et bien apprendre!<\/p>\n<p>[ngg_images source=\u00a0\u00bbgalleries\u00a0\u00bb container_ids=\u00a0\u00bb87&Prime; display_type=\u00a0\u00bbphotocrati-nextgen_basic_slideshow\u00a0\u00bb gallery_width=\u00a0\u00bb320&Prime; gallery_height=\u00a0\u00bb240&Prime; cycle_effect=\u00a0\u00bbfade\u00a0\u00bb cycle_interval=\u00a0\u00bb3&Prime; show_thumbnail_link=\u00a0\u00bb1&Prime; thumbnail_link_text=\u00a0\u00bb[Show picture list]\u00a0\u00bb order_by=\u00a0\u00bbsortorder\u00a0\u00bb order_direction=\u00a0\u00bbASC\u00a0\u00bb returns=\u00a0\u00bbincluded\u00a0\u00bb maximum_entity_count=\u00a0\u00bb500&Prime;]<\/p>\n","protected":false},"excerpt":{"rendered":"<p>Les classes de MS\/GS B et CM2 se sont retrouv\u00e9es autour d&rsquo;un petit d\u00e9jeuner \u00e0 l&rsquo;occasion de la semaine du go\u00fbt. Une occasion \u00e0 ne pas rater pour partager un bon moment et appr\u00e9hender de nouvelles saveurs. Et c&rsquo;est par le biais d&rsquo;une tr\u00e8s grande diversit\u00e9 de confitures que les enfants ont pu go\u00fbter et<\/p>\n<p><a href=\"https:\/\/stemarie-derval.fr\/?p=1541\" class=\"more-link themebutton\">Lire la suite<\/a><\/p>\n","protected":false},"author":6,"featured_media":0,"comment_status":"closed","ping_status":"closed","sticky":false,"template":"","format":"standard","meta":{"footnotes":""},"categories":[4,11],"tags":[],"_links":{"self":[{"href":"https:\/\/stemarie-derval.fr\/index.php?rest_route=\/wp\/v2\/posts\/1541"}],"collection":[{"href":"https:\/\/stemarie-derval.fr\/index.php?rest_route=\/wp\/v2\/posts"}],"about":[{"href":"https:\/\/stemarie-derval.fr\/index.php?rest_route=\/wp\/v2\/types\/post"}],"author":[{"embeddable":true,"href":"https:\/\/stemarie-derval.fr\/index.php?rest_route=\/wp\/v2\/users\/6"}],"replies":[{"embeddable":true,"href":"https:\/\/stemarie-derval.fr\/index.php?rest_route=%2Fwp%2Fv2%2Fcomments&post=1541"}],"version-history":[{"count":0,"href":"https:\/\/stemarie-derval.fr\/index.php?rest_route=\/wp\/v2\/posts\/1541\/revisions"}],"wp:attachment":[{"href":"https:\/\/stemarie-derval.fr\/index.php?rest_route=%2Fwp%2Fv2%2Fmedia&parent=1541"}],"wp:term":[{"taxonomy":"category","embeddable":true,"href":"https:\/\/stemarie-derval.fr\/index.php?rest_route=%2Fwp%2Fv2%2Fcategories&post=1541"},{"taxonomy":"post_tag","embeddable":true,"href":"https:\/\/stemarie-derval.fr\/index.php?rest_route=%2Fwp%2Fv2%2Ftags&post=1541"}],"curies":[{"name":"wp","href":"https:\/\/api.w.org\/{rel}","templated":true}]}}