{"id":1602,"date":"2017-10-11T11:44:19","date_gmt":"2017-10-11T09:44:19","guid":{"rendered":"https:\/\/stemarie-derval.fr\/?p=1602"},"modified":"2017-10-11T11:44:19","modified_gmt":"2017-10-11T09:44:19","slug":"le-conseil-de-delegues","status":"publish","type":"post","link":"https:\/\/stemarie-derval.fr\/?p=1602","title":{"rendered":"Le conseil de d\u00e9l\u00e9gu\u00e9s"},"content":{"rendered":"<p>Dans chaque classe, les d\u00e9l\u00e9gu\u00e9s sont \u00e9lus pour cette ann\u00e9e scolaire 2017-2018. Tout au long de l&rsquo;ann\u00e9e, ils se r\u00e9uniront pour repr\u00e9senter leurs classes et proposer des id\u00e9es pour am\u00e9liorer le quotidien \u00e0 l&rsquo;\u00e9cole.<br \/>\nVoici la composition du conseil de d\u00e9l\u00e9gu\u00e9s :<br \/>\n&#8211; PS : Laure et Victor<br \/>\n&#8211; MS\/GS A : M\u00e9line, Aimy et Gabriel<br \/>\n&#8211; MS\/GS B : Oc\u00e9ane et Zo\u00e9<br \/>\n&#8211; CP : Ana\u00efs et Tom<br \/>\n&#8211; CE1 : Louise et No\u00e9line<br \/>\n&#8211; CE1\/CE2 : Luis et Nicholas<br \/>\n&#8211; CM1 : Lilian et Camille<br \/>\n&#8211; CM1\/CM2 : Laura, Na\u00ebl et Laure.<br \/>\n&#8211; CM2 : Juliette et Dorine.<br \/>\n<img loading=\"lazy\" decoding=\"async\" class=\"aligncenter size-large wp-image-1604\" src=\"https:\/\/stemarie-derval.fr\/wp-content\/uploads\/2017\/10\/DSC00888-1-1024x768.jpg\" alt=\"\" width=\"960\" height=\"720\" srcset=\"https:\/\/stemarie-derval.fr\/wp-content\/uploads\/2017\/10\/DSC00888-1-1024x768.jpg 1024w, https:\/\/stemarie-derval.fr\/wp-content\/uploads\/2017\/10\/DSC00888-1-300x225.jpg 300w, https:\/\/stemarie-derval.fr\/wp-content\/uploads\/2017\/10\/DSC00888-1-768x576.jpg 768w, https:\/\/stemarie-derval.fr\/wp-content\/uploads\/2017\/10\/DSC00888-1.jpg 1288w\" sizes=\"(max-width: 960px) 100vw, 960px\" \/><\/p>\n","protected":false},"excerpt":{"rendered":"<p>Dans chaque classe, les d\u00e9l\u00e9gu\u00e9s sont \u00e9lus pour cette ann\u00e9e scolaire 2017-2018. Tout au long de l&rsquo;ann\u00e9e, ils se r\u00e9uniront pour repr\u00e9senter leurs classes et proposer des id\u00e9es pour am\u00e9liorer le quotidien \u00e0 l&rsquo;\u00e9cole. Voici la composition du conseil de d\u00e9l\u00e9gu\u00e9s : &#8211; PS : Laure et Victor &#8211; MS\/GS A : M\u00e9line, Aimy et<\/p>\n<p><a href=\"https:\/\/stemarie-derval.fr\/?p=1602\" class=\"more-link themebutton\">Lire la suite<\/a><\/p>\n","protected":false},"author":2,"featured_media":0,"comment_status":"closed","ping_status":"closed","sticky":false,"template":"","format":"standard","meta":{"footnotes":""},"categories":[26],"tags":[],"_links":{"self":[{"href":"https:\/\/stemarie-derval.fr\/index.php?rest_route=\/wp\/v2\/posts\/1602"}],"collection":[{"href":"https:\/\/stemarie-derval.fr\/index.php?rest_route=\/wp\/v2\/posts"}],"about":[{"href":"https:\/\/stemarie-derval.fr\/index.php?rest_route=\/wp\/v2\/types\/post"}],"author":[{"embeddable":true,"href":"https:\/\/stemarie-derval.fr\/index.php?rest_route=\/wp\/v2\/users\/2"}],"replies":[{"embeddable":true,"href":"https:\/\/stemarie-derval.fr\/index.php?rest_route=%2Fwp%2Fv2%2Fcomments&post=1602"}],"version-history":[{"count":0,"href":"https:\/\/stemarie-derval.fr\/index.php?rest_route=\/wp\/v2\/posts\/1602\/revisions"}],"wp:attachment":[{"href":"https:\/\/stemarie-derval.fr\/index.php?rest_route=%2Fwp%2Fv2%2Fmedia&parent=1602"}],"wp:term":[{"taxonomy":"category","embeddable":true,"href":"https:\/\/stemarie-derval.fr\/index.php?rest_route=%2Fwp%2Fv2%2Fcategories&post=1602"},{"taxonomy":"post_tag","embeddable":true,"href":"https:\/\/stemarie-derval.fr\/index.php?rest_route=%2Fwp%2Fv2%2Ftags&post=1602"}],"curies":[{"name":"wp","href":"https:\/\/api.w.org\/{rel}","templated":true}]}}