{"id":1606,"date":"2017-10-11T12:30:34","date_gmt":"2017-10-11T10:30:34","guid":{"rendered":"https:\/\/stemarie-derval.fr\/?p=1606"},"modified":"2017-10-11T12:33:00","modified_gmt":"2017-10-11T10:33:00","slug":"assemblee-decole-de-rentree","status":"publish","type":"post","link":"https:\/\/stemarie-derval.fr\/?p=1606","title":{"rendered":"Assembl\u00e9e d&rsquo;\u00e9cole de rentr\u00e9e"},"content":{"rendered":"<p>Vendredi 6 octobre, tous les \u00e9l\u00e8ves de l&rsquo;\u00e9cole se sont r\u00e9unis pour la premi\u00e8re fois cette ann\u00e9e scolaire pour se pr\u00e9senter et faire connaissance avec les nouveaux \u00e9l\u00e8ves, les nouveaux enseignants et d\u00e9couvrir les d\u00e9l\u00e9gu\u00e9s. A cette occasion, chaque classe a \u00e9galement pr\u00e9sent\u00e9 quelque chose : une mascotte, une r\u00e9alisation en arts visuels, une po\u00e9sie, une chanson&#8230;<\/p>\n<p>[ngg_images source=\u00a0\u00bbgalleries\u00a0\u00bb container_ids=\u00a0\u00bb88&Prime; display_type=\u00a0\u00bbphotocrati-nextgen_basic_slideshow\u00a0\u00bb gallery_width=\u00a0\u00bb320&Prime; gallery_height=\u00a0\u00bb240&Prime; cycle_effect=\u00a0\u00bbfade\u00a0\u00bb cycle_interval=\u00a0\u00bb3&Prime; show_thumbnail_link=\u00a0\u00bb1&Prime; thumbnail_link_text=\u00a0\u00bb[Show picture list]\u00a0\u00bb order_by=\u00a0\u00bbsortorder\u00a0\u00bb order_direction=\u00a0\u00bbASC\u00a0\u00bb returns=\u00a0\u00bbincluded\u00a0\u00bb maximum_entity_count=\u00a0\u00bb500&Prime;]<\/p>\n","protected":false},"excerpt":{"rendered":"<p>Vendredi 6 octobre, tous les \u00e9l\u00e8ves de l&rsquo;\u00e9cole se sont r\u00e9unis pour la premi\u00e8re fois cette ann\u00e9e scolaire pour se pr\u00e9senter et faire connaissance avec les nouveaux \u00e9l\u00e8ves, les nouveaux enseignants et d\u00e9couvrir les d\u00e9l\u00e9gu\u00e9s. A cette occasion, chaque classe a \u00e9galement pr\u00e9sent\u00e9 quelque chose : une mascotte, une r\u00e9alisation en arts visuels, une po\u00e9sie,<\/p>\n<p><a href=\"https:\/\/stemarie-derval.fr\/?p=1606\" class=\"more-link themebutton\">Lire la suite<\/a><\/p>\n","protected":false},"author":2,"featured_media":0,"comment_status":"closed","ping_status":"closed","sticky":false,"template":"","format":"standard","meta":{"footnotes":""},"categories":[26],"tags":[],"_links":{"self":[{"href":"https:\/\/stemarie-derval.fr\/index.php?rest_route=\/wp\/v2\/posts\/1606"}],"collection":[{"href":"https:\/\/stemarie-derval.fr\/index.php?rest_route=\/wp\/v2\/posts"}],"about":[{"href":"https:\/\/stemarie-derval.fr\/index.php?rest_route=\/wp\/v2\/types\/post"}],"author":[{"embeddable":true,"href":"https:\/\/stemarie-derval.fr\/index.php?rest_route=\/wp\/v2\/users\/2"}],"replies":[{"embeddable":true,"href":"https:\/\/stemarie-derval.fr\/index.php?rest_route=%2Fwp%2Fv2%2Fcomments&post=1606"}],"version-history":[{"count":0,"href":"https:\/\/stemarie-derval.fr\/index.php?rest_route=\/wp\/v2\/posts\/1606\/revisions"}],"wp:attachment":[{"href":"https:\/\/stemarie-derval.fr\/index.php?rest_route=%2Fwp%2Fv2%2Fmedia&parent=1606"}],"wp:term":[{"taxonomy":"category","embeddable":true,"href":"https:\/\/stemarie-derval.fr\/index.php?rest_route=%2Fwp%2Fv2%2Fcategories&post=1606"},{"taxonomy":"post_tag","embeddable":true,"href":"https:\/\/stemarie-derval.fr\/index.php?rest_route=%2Fwp%2Fv2%2Ftags&post=1606"}],"curies":[{"name":"wp","href":"https:\/\/api.w.org\/{rel}","templated":true}]}}