{"id":1631,"date":"2017-10-11T12:38:52","date_gmt":"2017-10-11T10:38:52","guid":{"rendered":"https:\/\/stemarie-derval.fr\/?p=1631"},"modified":"2017-10-11T12:38:52","modified_gmt":"2017-10-11T10:38:52","slug":"bienvenue-en-ce1ce2","status":"publish","type":"post","link":"https:\/\/stemarie-derval.fr\/?p=1631","title":{"rendered":"Bienvenue en CE1\/CE2 !"},"content":{"rendered":"<p>Nous sommes les 25 \u00e9l\u00e8ves de CE1\/CE2. Notre classe est compos\u00e9e de 25 \u00e9l\u00e8ves : 6 CE1 et 19 CE2. Cette ann\u00e9e, nous accueillons 3 nouveaux \u00e9l\u00e8ves : Enola, Nicholas et Aymeric. Les d\u00e9l\u00e9gu\u00e9s de la classe sont Nicholas et Luis.<br \/>\n<iframe loading=\"lazy\" width=\"853\" height=\"480\" src=\"https:\/\/www.youtube.com\/embed\/vJrXlOA6naw?rel=0\" frameborder=\"0\" allowfullscreen><\/iframe><\/p>\n","protected":false},"excerpt":{"rendered":"<p>Nous sommes les 25 \u00e9l\u00e8ves de CE1\/CE2. Notre classe est compos\u00e9e de 25 \u00e9l\u00e8ves : 6 CE1 et 19 CE2. Cette ann\u00e9e, nous accueillons 3 nouveaux \u00e9l\u00e8ves : Enola, Nicholas et Aymeric. Les d\u00e9l\u00e9gu\u00e9s de la classe sont Nicholas et Luis.<\/p>\n","protected":false},"author":2,"featured_media":0,"comment_status":"closed","ping_status":"closed","sticky":false,"template":"","format":"standard","meta":{"footnotes":""},"categories":[6],"tags":[],"_links":{"self":[{"href":"https:\/\/stemarie-derval.fr\/index.php?rest_route=\/wp\/v2\/posts\/1631"}],"collection":[{"href":"https:\/\/stemarie-derval.fr\/index.php?rest_route=\/wp\/v2\/posts"}],"about":[{"href":"https:\/\/stemarie-derval.fr\/index.php?rest_route=\/wp\/v2\/types\/post"}],"author":[{"embeddable":true,"href":"https:\/\/stemarie-derval.fr\/index.php?rest_route=\/wp\/v2\/users\/2"}],"replies":[{"embeddable":true,"href":"https:\/\/stemarie-derval.fr\/index.php?rest_route=%2Fwp%2Fv2%2Fcomments&post=1631"}],"version-history":[{"count":0,"href":"https:\/\/stemarie-derval.fr\/index.php?rest_route=\/wp\/v2\/posts\/1631\/revisions"}],"wp:attachment":[{"href":"https:\/\/stemarie-derval.fr\/index.php?rest_route=%2Fwp%2Fv2%2Fmedia&parent=1631"}],"wp:term":[{"taxonomy":"category","embeddable":true,"href":"https:\/\/stemarie-derval.fr\/index.php?rest_route=%2Fwp%2Fv2%2Fcategories&post=1631"},{"taxonomy":"post_tag","embeddable":true,"href":"https:\/\/stemarie-derval.fr\/index.php?rest_route=%2Fwp%2Fv2%2Ftags&post=1631"}],"curies":[{"name":"wp","href":"https:\/\/api.w.org\/{rel}","templated":true}]}}