{"id":1656,"date":"2017-10-01T18:19:50","date_gmt":"2017-10-01T16:19:50","guid":{"rendered":"https:\/\/stemarie-derval.fr\/?p=1656"},"modified":"2017-10-22T19:06:02","modified_gmt":"2017-10-22T17:06:02","slug":"1656","status":"publish","type":"post","link":"https:\/\/stemarie-derval.fr\/?p=1656","title":{"rendered":"Les d\u00e9l\u00e9gu\u00e9s"},"content":{"rendered":"<p style=\"text-align: center;\">Apr\u00e8s une campagne pleine de suspense, voici nos d\u00e9l\u00e9gu\u00e9s pour cette ann\u00e9e. Ce sont Lilian et Camille qui ont \u00e9t\u00e9 \u00e9lus. Ils repr\u00e9senteront notre classe lors des conseils de d\u00e9l\u00e9gu\u00e9s.<\/p>\n<p><a href=\"https:\/\/stemarie-derval.fr\/wp-content\/uploads\/2017\/10\/DSC_0343.jpg\"><img loading=\"lazy\" decoding=\"async\" class=\"size-medium wp-image-1657 aligncenter\" src=\"https:\/\/stemarie-derval.fr\/wp-content\/uploads\/2017\/10\/DSC_0343-300x169.jpg\" alt=\"\" width=\"300\" height=\"169\" srcset=\"https:\/\/stemarie-derval.fr\/wp-content\/uploads\/2017\/10\/DSC_0343-300x169.jpg 300w, https:\/\/stemarie-derval.fr\/wp-content\/uploads\/2017\/10\/DSC_0343-768x433.jpg 768w, https:\/\/stemarie-derval.fr\/wp-content\/uploads\/2017\/10\/DSC_0343-1024x578.jpg 1024w, https:\/\/stemarie-derval.fr\/wp-content\/uploads\/2017\/10\/DSC_0343.jpg 2048w\" sizes=\"(max-width: 300px) 100vw, 300px\" \/><\/a><\/p>\n<p style=\"text-align: center;\">Nous avons \u00e9galement choisi des sous-d\u00e9l\u00e9gu\u00e9s. Ce sont Ma\u00e9va et Justine qui ont \u00e9t\u00e9 \u00e9lues.<\/p>\n<p><a href=\"https:\/\/stemarie-derval.fr\/wp-content\/uploads\/2017\/10\/DSC_0347.jpg\"><img loading=\"lazy\" decoding=\"async\" class=\"size-medium wp-image-1658 aligncenter\" src=\"https:\/\/stemarie-derval.fr\/wp-content\/uploads\/2017\/10\/DSC_0347-300x169.jpg\" alt=\"\" width=\"300\" height=\"169\" srcset=\"https:\/\/stemarie-derval.fr\/wp-content\/uploads\/2017\/10\/DSC_0347-300x169.jpg 300w, https:\/\/stemarie-derval.fr\/wp-content\/uploads\/2017\/10\/DSC_0347-768x433.jpg 768w, https:\/\/stemarie-derval.fr\/wp-content\/uploads\/2017\/10\/DSC_0347-1024x578.jpg 1024w, https:\/\/stemarie-derval.fr\/wp-content\/uploads\/2017\/10\/DSC_0347.jpg 2048w\" sizes=\"(max-width: 300px) 100vw, 300px\" \/><\/a><\/p>\n","protected":false},"excerpt":{"rendered":"<p>Apr\u00e8s une campagne pleine de suspense, voici nos d\u00e9l\u00e9gu\u00e9s pour cette ann\u00e9e. Ce sont Lilian et Camille qui ont \u00e9t\u00e9 \u00e9lus. Ils repr\u00e9senteront notre classe lors des conseils de d\u00e9l\u00e9gu\u00e9s. Nous avons \u00e9galement choisi des sous-d\u00e9l\u00e9gu\u00e9s. Ce sont Ma\u00e9va et Justine qui ont \u00e9t\u00e9 \u00e9lues.<\/p>\n","protected":false},"author":9,"featured_media":0,"comment_status":"closed","ping_status":"closed","sticky":false,"template":"","format":"standard","meta":{"footnotes":""},"categories":[7],"tags":[],"_links":{"self":[{"href":"https:\/\/stemarie-derval.fr\/index.php?rest_route=\/wp\/v2\/posts\/1656"}],"collection":[{"href":"https:\/\/stemarie-derval.fr\/index.php?rest_route=\/wp\/v2\/posts"}],"about":[{"href":"https:\/\/stemarie-derval.fr\/index.php?rest_route=\/wp\/v2\/types\/post"}],"author":[{"embeddable":true,"href":"https:\/\/stemarie-derval.fr\/index.php?rest_route=\/wp\/v2\/users\/9"}],"replies":[{"embeddable":true,"href":"https:\/\/stemarie-derval.fr\/index.php?rest_route=%2Fwp%2Fv2%2Fcomments&post=1656"}],"version-history":[{"count":0,"href":"https:\/\/stemarie-derval.fr\/index.php?rest_route=\/wp\/v2\/posts\/1656\/revisions"}],"wp:attachment":[{"href":"https:\/\/stemarie-derval.fr\/index.php?rest_route=%2Fwp%2Fv2%2Fmedia&parent=1656"}],"wp:term":[{"taxonomy":"category","embeddable":true,"href":"https:\/\/stemarie-derval.fr\/index.php?rest_route=%2Fwp%2Fv2%2Fcategories&post=1656"},{"taxonomy":"post_tag","embeddable":true,"href":"https:\/\/stemarie-derval.fr\/index.php?rest_route=%2Fwp%2Fv2%2Ftags&post=1656"}],"curies":[{"name":"wp","href":"https:\/\/api.w.org\/{rel}","templated":true}]}}