{"id":1660,"date":"2017-10-15T18:24:56","date_gmt":"2017-10-15T16:24:56","guid":{"rendered":"https:\/\/stemarie-derval.fr\/?p=1660"},"modified":"2017-10-22T19:04:47","modified_gmt":"2017-10-22T17:04:47","slug":"la-semaine-du-gout","status":"publish","type":"post","link":"https:\/\/stemarie-derval.fr\/?p=1660","title":{"rendered":"La semaine du go\u00fbt: atelier cuisine"},"content":{"rendered":"<p style=\"text-align: center;\">Pour la semaine du gout, nous avons travaill\u00e9 sur la recette du pain. Par groupe, nous avons r\u00e9alis\u00e9 chacun deux petits pains.<\/p>\n<p style=\"text-align: center;\">Nous avons ador\u00e9 mettre les mains dans la farine, p\u00e9trir la p\u00e2te. Nous avons coll\u00e9 la recette dans notre cahier pour pouvoir la refaire \u00e0 la maison.<\/p>\n<p>[ngg_images source=\u00a0\u00bbgalleries\u00a0\u00bb container_ids=\u00a0\u00bb90&Prime; display_type=\u00a0\u00bbphotocrati-nextgen_basic_slideshow\u00a0\u00bb gallery_width=\u00a0\u00bb320&Prime; gallery_height=\u00a0\u00bb240&Prime; cycle_effect=\u00a0\u00bbfade\u00a0\u00bb cycle_interval=\u00a0\u00bb3&Prime; show_thumbnail_link=\u00a0\u00bb1&Prime; thumbnail_link_text=\u00a0\u00bb[Show picture list]\u00a0\u00bb order_by=\u00a0\u00bbsortorder\u00a0\u00bb order_direction=\u00a0\u00bbASC\u00a0\u00bb returns=\u00a0\u00bbincluded\u00a0\u00bb maximum_entity_count=\u00a0\u00bb500&Prime;]<\/p>\n<p>&nbsp;<\/p>\n<p>&nbsp;<\/p>\n","protected":false},"excerpt":{"rendered":"<p>Pour la semaine du gout, nous avons travaill\u00e9 sur la recette du pain. Par groupe, nous avons r\u00e9alis\u00e9 chacun deux petits pains. Nous avons ador\u00e9 mettre les mains dans la farine, p\u00e9trir la p\u00e2te. Nous avons coll\u00e9 la recette dans notre cahier pour pouvoir la refaire \u00e0 la maison. [ngg_images source=\u00a0\u00bbgalleries\u00a0\u00bb container_ids=\u00a0\u00bb90&Prime; display_type=\u00a0\u00bbphotocrati-nextgen_basic_slideshow\u00a0\u00bb gallery_width=\u00a0\u00bb320&Prime; gallery_height=\u00a0\u00bb240&Prime;<\/p>\n<p><a href=\"https:\/\/stemarie-derval.fr\/?p=1660\" class=\"more-link themebutton\">Lire la suite<\/a><\/p>\n","protected":false},"author":9,"featured_media":0,"comment_status":"closed","ping_status":"closed","sticky":false,"template":"","format":"standard","meta":{"footnotes":""},"categories":[7],"tags":[],"_links":{"self":[{"href":"https:\/\/stemarie-derval.fr\/index.php?rest_route=\/wp\/v2\/posts\/1660"}],"collection":[{"href":"https:\/\/stemarie-derval.fr\/index.php?rest_route=\/wp\/v2\/posts"}],"about":[{"href":"https:\/\/stemarie-derval.fr\/index.php?rest_route=\/wp\/v2\/types\/post"}],"author":[{"embeddable":true,"href":"https:\/\/stemarie-derval.fr\/index.php?rest_route=\/wp\/v2\/users\/9"}],"replies":[{"embeddable":true,"href":"https:\/\/stemarie-derval.fr\/index.php?rest_route=%2Fwp%2Fv2%2Fcomments&post=1660"}],"version-history":[{"count":0,"href":"https:\/\/stemarie-derval.fr\/index.php?rest_route=\/wp\/v2\/posts\/1660\/revisions"}],"wp:attachment":[{"href":"https:\/\/stemarie-derval.fr\/index.php?rest_route=%2Fwp%2Fv2%2Fmedia&parent=1660"}],"wp:term":[{"taxonomy":"category","embeddable":true,"href":"https:\/\/stemarie-derval.fr\/index.php?rest_route=%2Fwp%2Fv2%2Fcategories&post=1660"},{"taxonomy":"post_tag","embeddable":true,"href":"https:\/\/stemarie-derval.fr\/index.php?rest_route=%2Fwp%2Fv2%2Ftags&post=1660"}],"curies":[{"name":"wp","href":"https:\/\/api.w.org\/{rel}","templated":true}]}}