{"id":1773,"date":"2017-10-22T19:40:55","date_gmt":"2017-10-22T17:40:55","guid":{"rendered":"https:\/\/stemarie-derval.fr\/?p=1773"},"modified":"2017-10-22T19:40:55","modified_gmt":"2017-10-22T17:40:55","slug":"graines-dautomne","status":"publish","type":"post","link":"https:\/\/stemarie-derval.fr\/?p=1773","title":{"rendered":"Graines d&rsquo;automne"},"content":{"rendered":"<p>Pour le festival graines d&rsquo;automne, nous avons \u00e9crit tous ensemble une po\u00e9sie. Le th\u00e8me impos\u00e9 \u00e9tait \u00ab\u00a0vert\u00a0\u00bb, nous avons donc cr\u00e9e un po\u00e8me en r\u00e9pondant \u00e0 cette question: \u00ab\u00a0Savez-vous ce qui est vert?\u00a0\u00bb<\/p>\n<p>Nous avons travaill\u00e9 sur les rimes, les vers, le nombre de pieds.<\/p>\n<p>Notre production a \u00e9t\u00e9 diffus\u00e9e lors du festival graines d&rsquo;automne, dans une caravane dans laquelle les visiteurs pouvaient s&rsquo;installer et \u00e9couter.<\/p>\n<p>Vous pouvez entendre notre production en cliquant sur la piste ci-dessous.<\/p>\n<!--[if lt IE 9]><script>document.createElement('audio');<\/script><![endif]-->\n<audio class=\"wp-audio-shortcode\" id=\"audio-1773-1\" preload=\"none\" style=\"width: 100%;\" controls=\"controls\"><source type=\"audio\/mpeg\" src=\"https:\/\/stemarie-derval.fr\/wp-content\/uploads\/2017\/10\/cole_sainte_marie_cm1.mp3?_=1\" \/><a href=\"https:\/\/stemarie-derval.fr\/wp-content\/uploads\/2017\/10\/cole_sainte_marie_cm1.mp3\">https:\/\/stemarie-derval.fr\/wp-content\/uploads\/2017\/10\/cole_sainte_marie_cm1.mp3<\/a><\/audio>\n","protected":false},"excerpt":{"rendered":"<p>Pour le festival graines d&rsquo;automne, nous avons \u00e9crit tous ensemble une po\u00e9sie. Le th\u00e8me impos\u00e9 \u00e9tait \u00ab\u00a0vert\u00a0\u00bb, nous avons donc cr\u00e9e un po\u00e8me en r\u00e9pondant \u00e0 cette question: \u00ab\u00a0Savez-vous ce qui est vert?\u00a0\u00bb Nous avons travaill\u00e9 sur les rimes, les vers, le nombre de pieds. Notre production a \u00e9t\u00e9 diffus\u00e9e lors du festival graines d&rsquo;automne,<\/p>\n<p><a href=\"https:\/\/stemarie-derval.fr\/?p=1773\" class=\"more-link themebutton\">Lire la suite<\/a><\/p>\n","protected":false},"author":9,"featured_media":0,"comment_status":"closed","ping_status":"closed","sticky":false,"template":"","format":"standard","meta":{"footnotes":""},"categories":[7],"tags":[],"_links":{"self":[{"href":"https:\/\/stemarie-derval.fr\/index.php?rest_route=\/wp\/v2\/posts\/1773"}],"collection":[{"href":"https:\/\/stemarie-derval.fr\/index.php?rest_route=\/wp\/v2\/posts"}],"about":[{"href":"https:\/\/stemarie-derval.fr\/index.php?rest_route=\/wp\/v2\/types\/post"}],"author":[{"embeddable":true,"href":"https:\/\/stemarie-derval.fr\/index.php?rest_route=\/wp\/v2\/users\/9"}],"replies":[{"embeddable":true,"href":"https:\/\/stemarie-derval.fr\/index.php?rest_route=%2Fwp%2Fv2%2Fcomments&post=1773"}],"version-history":[{"count":0,"href":"https:\/\/stemarie-derval.fr\/index.php?rest_route=\/wp\/v2\/posts\/1773\/revisions"}],"wp:attachment":[{"href":"https:\/\/stemarie-derval.fr\/index.php?rest_route=%2Fwp%2Fv2%2Fmedia&parent=1773"}],"wp:term":[{"taxonomy":"category","embeddable":true,"href":"https:\/\/stemarie-derval.fr\/index.php?rest_route=%2Fwp%2Fv2%2Fcategories&post=1773"},{"taxonomy":"post_tag","embeddable":true,"href":"https:\/\/stemarie-derval.fr\/index.php?rest_route=%2Fwp%2Fv2%2Ftags&post=1773"}],"curies":[{"name":"wp","href":"https:\/\/api.w.org\/{rel}","templated":true}]}}