{"id":1880,"date":"2017-10-27T14:59:34","date_gmt":"2017-10-27T12:59:34","guid":{"rendered":"https:\/\/stemarie-derval.fr\/?p=1880"},"modified":"2017-10-27T14:59:34","modified_gmt":"2017-10-27T12:59:34","slug":"les-anniversaires-de-la-periode-1","status":"publish","type":"post","link":"https:\/\/stemarie-derval.fr\/?p=1880","title":{"rendered":"Les anniversaires de la p\u00e9riode 1"},"content":{"rendered":"<p>[ngg_images source=\u00a0\u00bbgalleries\u00a0\u00bb container_ids=\u00a0\u00bb98&Prime; display_type=\u00a0\u00bbphotocrati-nextgen_basic_slideshow\u00a0\u00bb gallery_width=\u00a0\u00bb320&Prime; gallery_height=\u00a0\u00bb240&Prime; cycle_effect=\u00a0\u00bbfade\u00a0\u00bb cycle_interval=\u00a0\u00bb3&Prime; show_thumbnail_link=\u00a0\u00bb1&Prime; thumbnail_link_text=\u00a0\u00bb[Show picture list]\u00a0\u00bb order_by=\u00a0\u00bbsortorder\u00a0\u00bb order_direction=\u00a0\u00bbASC\u00a0\u00bb returns=\u00a0\u00bbincluded\u00a0\u00bb maximum_entity_count=\u00a0\u00bb500&Prime;]<\/p>\n<p>Voici les amis qui ont f\u00eat\u00e9s leur anniversaire pendant la p\u00e9riode: Ewen, , Julia, Romane, Loris et Manar (absente sur la photo)<\/p>\n","protected":false},"excerpt":{"rendered":"<p>[ngg_images source=\u00a0\u00bbgalleries\u00a0\u00bb container_ids=\u00a0\u00bb98&Prime; display_type=\u00a0\u00bbphotocrati-nextgen_basic_slideshow\u00a0\u00bb gallery_width=\u00a0\u00bb320&Prime; gallery_height=\u00a0\u00bb240&Prime; cycle_effect=\u00a0\u00bbfade\u00a0\u00bb cycle_interval=\u00a0\u00bb3&Prime; show_thumbnail_link=\u00a0\u00bb1&Prime; thumbnail_link_text=\u00a0\u00bb[Show picture list]\u00a0\u00bb order_by=\u00a0\u00bbsortorder\u00a0\u00bb order_direction=\u00a0\u00bbASC\u00a0\u00bb returns=\u00a0\u00bbincluded\u00a0\u00bb maximum_entity_count=\u00a0\u00bb500&Prime;] Voici les amis qui ont f\u00eat\u00e9s leur anniversaire pendant la p\u00e9riode: Ewen, , Julia, Romane, Loris et Manar (absente sur la photo)<\/p>\n","protected":false},"author":5,"featured_media":0,"comment_status":"closed","ping_status":"closed","sticky":false,"template":"","format":"standard","meta":{"footnotes":""},"categories":[10],"tags":[],"_links":{"self":[{"href":"https:\/\/stemarie-derval.fr\/index.php?rest_route=\/wp\/v2\/posts\/1880"}],"collection":[{"href":"https:\/\/stemarie-derval.fr\/index.php?rest_route=\/wp\/v2\/posts"}],"about":[{"href":"https:\/\/stemarie-derval.fr\/index.php?rest_route=\/wp\/v2\/types\/post"}],"author":[{"embeddable":true,"href":"https:\/\/stemarie-derval.fr\/index.php?rest_route=\/wp\/v2\/users\/5"}],"replies":[{"embeddable":true,"href":"https:\/\/stemarie-derval.fr\/index.php?rest_route=%2Fwp%2Fv2%2Fcomments&post=1880"}],"version-history":[{"count":0,"href":"https:\/\/stemarie-derval.fr\/index.php?rest_route=\/wp\/v2\/posts\/1880\/revisions"}],"wp:attachment":[{"href":"https:\/\/stemarie-derval.fr\/index.php?rest_route=%2Fwp%2Fv2%2Fmedia&parent=1880"}],"wp:term":[{"taxonomy":"category","embeddable":true,"href":"https:\/\/stemarie-derval.fr\/index.php?rest_route=%2Fwp%2Fv2%2Fcategories&post=1880"},{"taxonomy":"post_tag","embeddable":true,"href":"https:\/\/stemarie-derval.fr\/index.php?rest_route=%2Fwp%2Fv2%2Ftags&post=1880"}],"curies":[{"name":"wp","href":"https:\/\/api.w.org\/{rel}","templated":true}]}}