{"id":1965,"date":"2017-11-11T08:10:37","date_gmt":"2017-11-11T07:10:37","guid":{"rendered":"https:\/\/stemarie-derval.fr\/?p=1965"},"modified":"2017-11-11T18:15:45","modified_gmt":"2017-11-11T17:15:45","slug":"challenge-ugsel","status":"publish","type":"post","link":"https:\/\/stemarie-derval.fr\/?p=1965","title":{"rendered":"Challenge UGSEL"},"content":{"rendered":"<p style=\"text-align: center;\">Le 20 octobre, les classes de cm1 et cm1\/cm2 ont particip\u00e9 au challenge UGSEL \u00e0 Carquefou.<\/p>\n<p style=\"text-align: center;\">D\u00e9couvrez \u00e0 travers cette vid\u00e9o ce qu&rsquo;est le challenge UGSEL puis les photos de cette journ\u00e9e.<\/p>\n<p><iframe loading=\"lazy\" title=\"challenge ugsel\" width=\"1170\" height=\"658\" src=\"https:\/\/www.youtube.com\/embed\/rmpv4wHdfLU?feature=oembed\" frameborder=\"0\" allow=\"accelerometer; autoplay; encrypted-media; gyroscope; picture-in-picture\" allowfullscreen><\/iframe><\/p>\n","protected":false},"excerpt":{"rendered":"<p>Le 20 octobre, les classes de cm1 et cm1\/cm2 ont particip\u00e9 au challenge UGSEL \u00e0 Carquefou. D\u00e9couvrez \u00e0 travers cette vid\u00e9o ce qu&rsquo;est le challenge UGSEL puis les photos de cette journ\u00e9e.<\/p>\n","protected":false},"author":9,"featured_media":0,"comment_status":"closed","ping_status":"closed","sticky":false,"template":"","format":"standard","meta":{"footnotes":""},"categories":[5,7],"tags":[],"_links":{"self":[{"href":"https:\/\/stemarie-derval.fr\/index.php?rest_route=\/wp\/v2\/posts\/1965"}],"collection":[{"href":"https:\/\/stemarie-derval.fr\/index.php?rest_route=\/wp\/v2\/posts"}],"about":[{"href":"https:\/\/stemarie-derval.fr\/index.php?rest_route=\/wp\/v2\/types\/post"}],"author":[{"embeddable":true,"href":"https:\/\/stemarie-derval.fr\/index.php?rest_route=\/wp\/v2\/users\/9"}],"replies":[{"embeddable":true,"href":"https:\/\/stemarie-derval.fr\/index.php?rest_route=%2Fwp%2Fv2%2Fcomments&post=1965"}],"version-history":[{"count":0,"href":"https:\/\/stemarie-derval.fr\/index.php?rest_route=\/wp\/v2\/posts\/1965\/revisions"}],"wp:attachment":[{"href":"https:\/\/stemarie-derval.fr\/index.php?rest_route=%2Fwp%2Fv2%2Fmedia&parent=1965"}],"wp:term":[{"taxonomy":"category","embeddable":true,"href":"https:\/\/stemarie-derval.fr\/index.php?rest_route=%2Fwp%2Fv2%2Fcategories&post=1965"},{"taxonomy":"post_tag","embeddable":true,"href":"https:\/\/stemarie-derval.fr\/index.php?rest_route=%2Fwp%2Fv2%2Ftags&post=1965"}],"curies":[{"name":"wp","href":"https:\/\/api.w.org\/{rel}","templated":true}]}}