{"id":1968,"date":"2017-11-12T09:04:54","date_gmt":"2017-11-12T08:04:54","guid":{"rendered":"https:\/\/stemarie-derval.fr\/?p=1968"},"modified":"2017-11-12T09:04:54","modified_gmt":"2017-11-12T08:04:54","slug":"initiation-volley","status":"publish","type":"post","link":"https:\/\/stemarie-derval.fr\/?p=1968","title":{"rendered":"Initiation volley"},"content":{"rendered":"<p style=\"text-align: center;\">Cette p\u00e9riode, nous allons \u00e0 la salle le vendredi apr\u00e8s-midi. Nous retrouvons sur place Thierry et Jean-Paul qui nous font d\u00e9couvrir le volley.<\/p>\n<p style=\"text-align: center;\">Voici la vid\u00e9o de notre premi\u00e8re s\u00e9ance de d\u00e9couverte.<\/p>\n<p><iframe loading=\"lazy\" title=\"volley\" width=\"1170\" height=\"658\" src=\"https:\/\/www.youtube.com\/embed\/feFAjTS9mbI?feature=oembed\" frameborder=\"0\" allow=\"accelerometer; autoplay; encrypted-media; gyroscope; picture-in-picture\" allowfullscreen><\/iframe><\/p>\n","protected":false},"excerpt":{"rendered":"<p>Cette p\u00e9riode, nous allons \u00e0 la salle le vendredi apr\u00e8s-midi. Nous retrouvons sur place Thierry et Jean-Paul qui nous font d\u00e9couvrir le volley. Voici la vid\u00e9o de notre premi\u00e8re s\u00e9ance de d\u00e9couverte.<\/p>\n","protected":false},"author":9,"featured_media":0,"comment_status":"closed","ping_status":"closed","sticky":false,"template":"","format":"standard","meta":{"footnotes":""},"categories":[7],"tags":[],"_links":{"self":[{"href":"https:\/\/stemarie-derval.fr\/index.php?rest_route=\/wp\/v2\/posts\/1968"}],"collection":[{"href":"https:\/\/stemarie-derval.fr\/index.php?rest_route=\/wp\/v2\/posts"}],"about":[{"href":"https:\/\/stemarie-derval.fr\/index.php?rest_route=\/wp\/v2\/types\/post"}],"author":[{"embeddable":true,"href":"https:\/\/stemarie-derval.fr\/index.php?rest_route=\/wp\/v2\/users\/9"}],"replies":[{"embeddable":true,"href":"https:\/\/stemarie-derval.fr\/index.php?rest_route=%2Fwp%2Fv2%2Fcomments&post=1968"}],"version-history":[{"count":0,"href":"https:\/\/stemarie-derval.fr\/index.php?rest_route=\/wp\/v2\/posts\/1968\/revisions"}],"wp:attachment":[{"href":"https:\/\/stemarie-derval.fr\/index.php?rest_route=%2Fwp%2Fv2%2Fmedia&parent=1968"}],"wp:term":[{"taxonomy":"category","embeddable":true,"href":"https:\/\/stemarie-derval.fr\/index.php?rest_route=%2Fwp%2Fv2%2Fcategories&post=1968"},{"taxonomy":"post_tag","embeddable":true,"href":"https:\/\/stemarie-derval.fr\/index.php?rest_route=%2Fwp%2Fv2%2Ftags&post=1968"}],"curies":[{"name":"wp","href":"https:\/\/api.w.org\/{rel}","templated":true}]}}