{"id":2160,"date":"2017-12-04T12:30:20","date_gmt":"2017-12-04T11:30:20","guid":{"rendered":"https:\/\/stemarie-derval.fr\/?p=2160"},"modified":"2018-01-04T15:53:07","modified_gmt":"2018-01-04T14:53:07","slug":"projet-danse","status":"publish","type":"post","link":"https:\/\/stemarie-derval.fr\/?p=2160","title":{"rendered":"Projet danse"},"content":{"rendered":"<p>Depuis la rentr\u00e9e des vacances de la Toussaint, tous les vendredis, nous avons des cours de danse avec St\u00e9phanie Chariau.<\/p>\n<p>Nous commen\u00e7ons toujours par un \u00e9chauffement. St\u00e9phanie chante et nous venons nous placer en ronde en disant \u00ab&nbsp;bonjour&nbsp;\u00bb les uns apr\u00e8s les autres. On se d\u00e9place souvent sur de la musique pour prendre conscience de notre corps et utiliser nos diff\u00e9rentes articulations. Nous travaillons aussi par deux . Nous aimons beaucoup le jeu de la poup\u00e9e de chiffon!<\/p>\n<p><a href=\"https:\/\/stemarie-derval.fr\/wp-content\/uploads\/2018\/01\/20171117_115045.jpg\"><img loading=\"lazy\" decoding=\"async\" class=\"aligncenter size-medium wp-image-2164\" src=\"https:\/\/stemarie-derval.fr\/wp-content\/uploads\/2018\/01\/20171117_115045-300x225.jpg\" alt=\"\" width=\"300\" height=\"225\" srcset=\"https:\/\/stemarie-derval.fr\/wp-content\/uploads\/2018\/01\/20171117_115045-300x225.jpg 300w, https:\/\/stemarie-derval.fr\/wp-content\/uploads\/2018\/01\/20171117_115045-768x576.jpg 768w, https:\/\/stemarie-derval.fr\/wp-content\/uploads\/2018\/01\/20171117_115045-1024x768.jpg 1024w, https:\/\/stemarie-derval.fr\/wp-content\/uploads\/2018\/01\/20171117_115045.jpg 2048w\" sizes=\"(max-width: 300px) 100vw, 300px\" \/><\/a><\/p>\n<p>Nous avons eu aussi un cours th\u00e9orique avec diverses vid\u00e9os sur la danse (danse classique, claquettes, hip-hop, danse d\u2019humour&#8230;).<\/p>\n<p>Nous continuons notre travail pour pr\u00e9parer notre spectacle devant les classes de Lusanger et St Vincent des Landes au mois de f\u00e9vrier!<\/p>\n<p><a href=\"https:\/\/stemarie-derval.fr\/wp-content\/uploads\/2018\/01\/20171117_110313.jpg\"><img loading=\"lazy\" decoding=\"async\" class=\"aligncenter size-medium wp-image-2163\" src=\"https:\/\/stemarie-derval.fr\/wp-content\/uploads\/2018\/01\/20171117_110313-300x225.jpg\" alt=\"\" width=\"300\" height=\"225\" srcset=\"https:\/\/stemarie-derval.fr\/wp-content\/uploads\/2018\/01\/20171117_110313-300x225.jpg 300w, https:\/\/stemarie-derval.fr\/wp-content\/uploads\/2018\/01\/20171117_110313-768x576.jpg 768w, https:\/\/stemarie-derval.fr\/wp-content\/uploads\/2018\/01\/20171117_110313-1024x768.jpg 1024w, https:\/\/stemarie-derval.fr\/wp-content\/uploads\/2018\/01\/20171117_110313.jpg 2048w\" sizes=\"(max-width: 300px) 100vw, 300px\" \/><\/a><\/p>\n","protected":false},"excerpt":{"rendered":"<p>Depuis la rentr\u00e9e des vacances de la Toussaint, tous les vendredis, nous avons des cours de danse avec St\u00e9phanie Chariau. Nous commen\u00e7ons toujours par un \u00e9chauffement. St\u00e9phanie chante et nous venons nous placer en ronde en disant \u00ab&nbsp;bonjour&nbsp;\u00bb les uns apr\u00e8s les autres. On se d\u00e9place souvent sur de la musique pour prendre conscience de<\/p>\n<p><a href=\"https:\/\/stemarie-derval.fr\/?p=2160\" class=\"more-link themebutton\">Lire la suite<\/a><\/p>\n","protected":false},"author":1,"featured_media":0,"comment_status":"closed","ping_status":"closed","sticky":false,"template":"","format":"standard","meta":{"footnotes":""},"categories":[9],"tags":[],"_links":{"self":[{"href":"https:\/\/stemarie-derval.fr\/index.php?rest_route=\/wp\/v2\/posts\/2160"}],"collection":[{"href":"https:\/\/stemarie-derval.fr\/index.php?rest_route=\/wp\/v2\/posts"}],"about":[{"href":"https:\/\/stemarie-derval.fr\/index.php?rest_route=\/wp\/v2\/types\/post"}],"author":[{"embeddable":true,"href":"https:\/\/stemarie-derval.fr\/index.php?rest_route=\/wp\/v2\/users\/1"}],"replies":[{"embeddable":true,"href":"https:\/\/stemarie-derval.fr\/index.php?rest_route=%2Fwp%2Fv2%2Fcomments&post=2160"}],"version-history":[{"count":0,"href":"https:\/\/stemarie-derval.fr\/index.php?rest_route=\/wp\/v2\/posts\/2160\/revisions"}],"wp:attachment":[{"href":"https:\/\/stemarie-derval.fr\/index.php?rest_route=%2Fwp%2Fv2%2Fmedia&parent=2160"}],"wp:term":[{"taxonomy":"category","embeddable":true,"href":"https:\/\/stemarie-derval.fr\/index.php?rest_route=%2Fwp%2Fv2%2Fcategories&post=2160"},{"taxonomy":"post_tag","embeddable":true,"href":"https:\/\/stemarie-derval.fr\/index.php?rest_route=%2Fwp%2Fv2%2Ftags&post=2160"}],"curies":[{"name":"wp","href":"https:\/\/api.w.org\/{rel}","templated":true}]}}