{"id":2181,"date":"2018-01-14T22:45:24","date_gmt":"2018-01-14T21:45:24","guid":{"rendered":"https:\/\/stemarie-derval.fr\/?p=2181"},"modified":"2018-01-14T22:45:24","modified_gmt":"2018-01-14T21:45:24","slug":"atelier-cuisine-le-sapin-au-nutella","status":"publish","type":"post","link":"https:\/\/stemarie-derval.fr\/?p=2181","title":{"rendered":"Atelier cuisine: le sapin au nutella"},"content":{"rendered":"<p style=\"text-align: center;\">Pour f\u00eater l&rsquo;arriv\u00e9e des vacances de No\u00ebl, nous avons cuisin\u00e9 des sapins au Nutella que nous avons partag\u00e9 lors d&rsquo;un go\u00fbter avec les \u00e9l\u00e8ves de cm1\/cm2 de la classe de St\u00e9phanie.<\/p>\n<p>&nbsp;<\/p>\n<p>[ngg_images source=\u00a0\u00bbgalleries\u00a0\u00bb container_ids=\u00a0\u00bb103&Prime; display_type=\u00a0\u00bbphotocrati-nextgen_basic_slideshow\u00a0\u00bb gallery_width=\u00a0\u00bb350&Prime; gallery_height=\u00a0\u00bb240&Prime; cycle_effect=\u00a0\u00bbfade\u00a0\u00bb cycle_interval=\u00a0\u00bb3&Prime; show_thumbnail_link=\u00a0\u00bb1&Prime; thumbnail_link_text=\u00a0\u00bb[Show picture list]\u00a0\u00bb order_by=\u00a0\u00bbsortorder\u00a0\u00bb order_direction=\u00a0\u00bbASC\u00a0\u00bb returns=\u00a0\u00bbincluded\u00a0\u00bb maximum_entity_count=\u00a0\u00bb500&Prime;]<\/p>\n","protected":false},"excerpt":{"rendered":"<p>Pour f\u00eater l&rsquo;arriv\u00e9e des vacances de No\u00ebl, nous avons cuisin\u00e9 des sapins au Nutella que nous avons partag\u00e9 lors d&rsquo;un go\u00fbter avec les \u00e9l\u00e8ves de cm1\/cm2 de la classe de St\u00e9phanie. &nbsp; [ngg_images source=\u00a0\u00bbgalleries\u00a0\u00bb container_ids=\u00a0\u00bb103&Prime; display_type=\u00a0\u00bbphotocrati-nextgen_basic_slideshow\u00a0\u00bb gallery_width=\u00a0\u00bb350&Prime; gallery_height=\u00a0\u00bb240&Prime; cycle_effect=\u00a0\u00bbfade\u00a0\u00bb cycle_interval=\u00a0\u00bb3&Prime; show_thumbnail_link=\u00a0\u00bb1&Prime; thumbnail_link_text=\u00a0\u00bb[Show picture list]\u00a0\u00bb order_by=\u00a0\u00bbsortorder\u00a0\u00bb order_direction=\u00a0\u00bbASC\u00a0\u00bb returns=\u00a0\u00bbincluded\u00a0\u00bb maximum_entity_count=\u00a0\u00bb500&Prime;]<\/p>\n","protected":false},"author":9,"featured_media":0,"comment_status":"closed","ping_status":"closed","sticky":false,"template":"","format":"standard","meta":{"footnotes":""},"categories":[7],"tags":[],"_links":{"self":[{"href":"https:\/\/stemarie-derval.fr\/index.php?rest_route=\/wp\/v2\/posts\/2181"}],"collection":[{"href":"https:\/\/stemarie-derval.fr\/index.php?rest_route=\/wp\/v2\/posts"}],"about":[{"href":"https:\/\/stemarie-derval.fr\/index.php?rest_route=\/wp\/v2\/types\/post"}],"author":[{"embeddable":true,"href":"https:\/\/stemarie-derval.fr\/index.php?rest_route=\/wp\/v2\/users\/9"}],"replies":[{"embeddable":true,"href":"https:\/\/stemarie-derval.fr\/index.php?rest_route=%2Fwp%2Fv2%2Fcomments&post=2181"}],"version-history":[{"count":0,"href":"https:\/\/stemarie-derval.fr\/index.php?rest_route=\/wp\/v2\/posts\/2181\/revisions"}],"wp:attachment":[{"href":"https:\/\/stemarie-derval.fr\/index.php?rest_route=%2Fwp%2Fv2%2Fmedia&parent=2181"}],"wp:term":[{"taxonomy":"category","embeddable":true,"href":"https:\/\/stemarie-derval.fr\/index.php?rest_route=%2Fwp%2Fv2%2Fcategories&post=2181"},{"taxonomy":"post_tag","embeddable":true,"href":"https:\/\/stemarie-derval.fr\/index.php?rest_route=%2Fwp%2Fv2%2Ftags&post=2181"}],"curies":[{"name":"wp","href":"https:\/\/api.w.org\/{rel}","templated":true}]}}