{"id":2410,"date":"2018-02-14T20:54:38","date_gmt":"2018-02-14T19:54:38","guid":{"rendered":"https:\/\/stemarie-derval.fr\/?p=2410"},"modified":"2018-02-14T20:54:38","modified_gmt":"2018-02-14T19:54:38","slug":"festimomes","status":"publish","type":"post","link":"https:\/\/stemarie-derval.fr\/?p=2410","title":{"rendered":"Festi&rsquo;M\u00f4mes"},"content":{"rendered":"<p>L&rsquo;ensemble des \u00e9l\u00e8ves de CM2 ont particip\u00e9 au festival \u00ab\u00a0Festi&rsquo;M\u00f4mes\u00a0\u00bb qui s&rsquo;est d\u00e9roul\u00e9 vendredi 9 f\u00e9vrier, au Th\u00e9\u00e2tre de Verre de Ch\u00e2teaubriant. Ce festival a rassembl\u00e9 les CM2 de quatre \u00e9coles de la Communaut\u00e9 de communes.<br \/>\nLes enfants ont interpr\u00e9t\u00e9 tous les chants appris avec leur intervenant de musique durant le premier semestre. Un grand merci \u00e0 Hicham!<br \/>\nAu Th\u00e9\u00e2tre de Verre, les \u00e9l\u00e8ves attendaient leur passage sur sc\u00e8ne dans une loge. Ils ont pris plaisir \u00e0 jouer \u00e0 \u00ab\u00a0Un \u00e9l\u00e9phant qui se balan\u00e7ait&#8230;\u00a0\u00bb, sous le regard de leur mascotte, Otto.<\/p>\n<p><a href=\"https:\/\/stemarie-derval.fr\/wp-content\/uploads\/2018\/02\/DSC_1365.jpg\"><img loading=\"lazy\" decoding=\"async\" src=\"https:\/\/stemarie-derval.fr\/wp-content\/uploads\/2018\/02\/DSC_1365-300x169.jpg\" alt=\"\" width=\"300\" height=\"169\" class=\"alignright size-medium wp-image-2411\" srcset=\"https:\/\/stemarie-derval.fr\/wp-content\/uploads\/2018\/02\/DSC_1365-300x169.jpg 300w, https:\/\/stemarie-derval.fr\/wp-content\/uploads\/2018\/02\/DSC_1365-768x432.jpg 768w, https:\/\/stemarie-derval.fr\/wp-content\/uploads\/2018\/02\/DSC_1365-1024x576.jpg 1024w, https:\/\/stemarie-derval.fr\/wp-content\/uploads\/2018\/02\/DSC_1365.jpg 2048w\" sizes=\"(max-width: 300px) 100vw, 300px\" \/><\/a><br \/>\n<a href=\"https:\/\/stemarie-derval.fr\/wp-content\/uploads\/2018\/02\/DSC_1367.jpg\"><img loading=\"lazy\" decoding=\"async\" src=\"https:\/\/stemarie-derval.fr\/wp-content\/uploads\/2018\/02\/DSC_1367-300x169.jpg\" alt=\"\" width=\"300\" height=\"169\" class=\"alignright size-medium wp-image-2412\" srcset=\"https:\/\/stemarie-derval.fr\/wp-content\/uploads\/2018\/02\/DSC_1367-300x169.jpg 300w, https:\/\/stemarie-derval.fr\/wp-content\/uploads\/2018\/02\/DSC_1367-768x432.jpg 768w, https:\/\/stemarie-derval.fr\/wp-content\/uploads\/2018\/02\/DSC_1367-1024x576.jpg 1024w, https:\/\/stemarie-derval.fr\/wp-content\/uploads\/2018\/02\/DSC_1367.jpg 2048w\" sizes=\"(max-width: 300px) 100vw, 300px\" \/><\/a><\/p>\n","protected":false},"excerpt":{"rendered":"<p>L&rsquo;ensemble des \u00e9l\u00e8ves de CM2 ont particip\u00e9 au festival \u00ab\u00a0Festi&rsquo;M\u00f4mes\u00a0\u00bb qui s&rsquo;est d\u00e9roul\u00e9 vendredi 9 f\u00e9vrier, au Th\u00e9\u00e2tre de Verre de Ch\u00e2teaubriant. Ce festival a rassembl\u00e9 les CM2 de quatre \u00e9coles de la Communaut\u00e9 de communes. Les enfants ont interpr\u00e9t\u00e9 tous les chants appris avec leur intervenant de musique durant le premier semestre. Un grand<\/p>\n<p><a href=\"https:\/\/stemarie-derval.fr\/?p=2410\" class=\"more-link themebutton\">Lire la suite<\/a><\/p>\n","protected":false},"author":10,"featured_media":0,"comment_status":"closed","ping_status":"closed","sticky":false,"template":"","format":"standard","meta":{"footnotes":""},"categories":[5,4],"tags":[],"_links":{"self":[{"href":"https:\/\/stemarie-derval.fr\/index.php?rest_route=\/wp\/v2\/posts\/2410"}],"collection":[{"href":"https:\/\/stemarie-derval.fr\/index.php?rest_route=\/wp\/v2\/posts"}],"about":[{"href":"https:\/\/stemarie-derval.fr\/index.php?rest_route=\/wp\/v2\/types\/post"}],"author":[{"embeddable":true,"href":"https:\/\/stemarie-derval.fr\/index.php?rest_route=\/wp\/v2\/users\/10"}],"replies":[{"embeddable":true,"href":"https:\/\/stemarie-derval.fr\/index.php?rest_route=%2Fwp%2Fv2%2Fcomments&post=2410"}],"version-history":[{"count":0,"href":"https:\/\/stemarie-derval.fr\/index.php?rest_route=\/wp\/v2\/posts\/2410\/revisions"}],"wp:attachment":[{"href":"https:\/\/stemarie-derval.fr\/index.php?rest_route=%2Fwp%2Fv2%2Fmedia&parent=2410"}],"wp:term":[{"taxonomy":"category","embeddable":true,"href":"https:\/\/stemarie-derval.fr\/index.php?rest_route=%2Fwp%2Fv2%2Fcategories&post=2410"},{"taxonomy":"post_tag","embeddable":true,"href":"https:\/\/stemarie-derval.fr\/index.php?rest_route=%2Fwp%2Fv2%2Ftags&post=2410"}],"curies":[{"name":"wp","href":"https:\/\/api.w.org\/{rel}","templated":true}]}}