{"id":2660,"date":"2018-04-12T12:41:13","date_gmt":"2018-04-12T10:41:13","guid":{"rendered":"https:\/\/stemarie-derval.fr\/?p=2660"},"modified":"2018-04-12T12:41:13","modified_gmt":"2018-04-12T10:41:13","slug":"la-venue-du-colonel","status":"publish","type":"post","link":"https:\/\/stemarie-derval.fr\/?p=2660","title":{"rendered":"La venue du Colonel"},"content":{"rendered":"<p>Jeudi 5 avril 2018<\/p>\n<p>Le Colonel Alain est venu \u00e0 l&rsquo;\u00e9cole rencontrer les \u00e9l\u00e8ves de CM1-CM2 et CM2. IL nous a apport\u00e9 de nombreux objets de la Seconde Guerre mondiale. On a pu voir plusieurs casques (Am\u00e9ricains, Allemands, Canadien, Fran\u00e7ais). Il y avait aussi des munitions, des grenades, des douilles d&rsquo;obus, un masque \u00e0 gaz, des brassards (de r\u00e9sistants, d&rsquo;infirmiers), des pelles. On a pu voir aussi une paire de cisailles pour couper les barbel\u00e9s. Comme il faisait beau, nous avons \u00e9tendu un parachute dehors, sur la cour. Il faisait 6 m\u00e8tres de diam\u00e8tre. Nous avons aussi essay\u00e9 les diff\u00e9rents casques.<\/p>\n<p>Chaque classe de l&rsquo;\u00e9cole est ensuite venue voir l&rsquo;exposition des objets ainsi que le parachute.<\/p>\n<p>[ngg_images source=\u00a0\u00bbgalleries\u00a0\u00bb container_ids=\u00a0\u00bb116&Prime; display_type=\u00a0\u00bbphotocrati-nextgen_basic_slideshow\u00a0\u00bb gallery_width=\u00a0\u00bb320&Prime; gallery_height=\u00a0\u00bb240&Prime; cycle_effect=\u00a0\u00bbfade\u00a0\u00bb cycle_interval=\u00a0\u00bb3&Prime; show_thumbnail_link=\u00a0\u00bb1&Prime; thumbnail_link_text=\u00a0\u00bb[Show picture list]\u00a0\u00bb order_by=\u00a0\u00bbsortorder\u00a0\u00bb order_direction=\u00a0\u00bbASC\u00a0\u00bb returns=\u00a0\u00bbincluded\u00a0\u00bb maximum_entity_count=\u00a0\u00bb500&Prime;]<\/p>\n","protected":false},"excerpt":{"rendered":"<p>Jeudi 5 avril 2018 Le Colonel Alain est venu \u00e0 l&rsquo;\u00e9cole rencontrer les \u00e9l\u00e8ves de CM1-CM2 et CM2. IL nous a apport\u00e9 de nombreux objets de la Seconde Guerre mondiale. On a pu voir plusieurs casques (Am\u00e9ricains, Allemands, Canadien, Fran\u00e7ais). Il y avait aussi des munitions, des grenades, des douilles d&rsquo;obus, un masque \u00e0 gaz,<\/p>\n<p><a href=\"https:\/\/stemarie-derval.fr\/?p=2660\" class=\"more-link themebutton\">Lire la suite<\/a><\/p>\n","protected":false},"author":10,"featured_media":0,"comment_status":"closed","ping_status":"closed","sticky":false,"template":"","format":"standard","meta":{"footnotes":""},"categories":[5,4],"tags":[],"_links":{"self":[{"href":"https:\/\/stemarie-derval.fr\/index.php?rest_route=\/wp\/v2\/posts\/2660"}],"collection":[{"href":"https:\/\/stemarie-derval.fr\/index.php?rest_route=\/wp\/v2\/posts"}],"about":[{"href":"https:\/\/stemarie-derval.fr\/index.php?rest_route=\/wp\/v2\/types\/post"}],"author":[{"embeddable":true,"href":"https:\/\/stemarie-derval.fr\/index.php?rest_route=\/wp\/v2\/users\/10"}],"replies":[{"embeddable":true,"href":"https:\/\/stemarie-derval.fr\/index.php?rest_route=%2Fwp%2Fv2%2Fcomments&post=2660"}],"version-history":[{"count":0,"href":"https:\/\/stemarie-derval.fr\/index.php?rest_route=\/wp\/v2\/posts\/2660\/revisions"}],"wp:attachment":[{"href":"https:\/\/stemarie-derval.fr\/index.php?rest_route=%2Fwp%2Fv2%2Fmedia&parent=2660"}],"wp:term":[{"taxonomy":"category","embeddable":true,"href":"https:\/\/stemarie-derval.fr\/index.php?rest_route=%2Fwp%2Fv2%2Fcategories&post=2660"},{"taxonomy":"post_tag","embeddable":true,"href":"https:\/\/stemarie-derval.fr\/index.php?rest_route=%2Fwp%2Fv2%2Ftags&post=2660"}],"curies":[{"name":"wp","href":"https:\/\/api.w.org\/{rel}","templated":true}]}}