{"id":2691,"date":"2018-04-18T16:24:45","date_gmt":"2018-04-18T14:24:45","guid":{"rendered":"https:\/\/stemarie-derval.fr\/?p=2691"},"modified":"2018-04-18T16:24:45","modified_gmt":"2018-04-18T14:24:45","slug":"correspondance-avec-lile-maurice","status":"publish","type":"post","link":"https:\/\/stemarie-derval.fr\/?p=2691","title":{"rendered":"Correspondance avec l&rsquo;\u00eele Maurice"},"content":{"rendered":"<p>Cette ann\u00e9e, en lien avec le projet d&rsquo;\u00e9cole qui est ax\u00e9 sur l&rsquo;ouverture au monde, la classe de CM1-CM2 a commenc\u00e9 une correspondance avec une classe de CM2 de l&rsquo;\u00eele Maurice.<br \/>\nNous avons envoy\u00e9 une premi\u00e8re lettre pour leur demander s&rsquo;ils voulaient bien correspondre avec nous. Ils ont r\u00e9pondu favorablement.<br \/>\nEnsuite, en d\u00e9cembre, nous avons chacun \u00e9crit notre portrait. Nous avons \u00e9galement envoy\u00e9 une carte de v\u0153ux. Nous sommes malheureusement rest\u00e9s sans r\u00e9ponse&#8230;<br \/>\nMardi , heureuse surprise!! Nous avons re\u00e7u une r\u00e9ponse de leur part. Notre courrier a mis trois mois \u00e0 arriver en raison des conditions m\u00e9t\u00e9orologiques d\u00e9favorables (alertes cycloniques).<br \/>\nC&rsquo;est avec plaisir que chacun a re\u00e7u un portrait de son correspondant. Nous avons essay\u00e9 d&rsquo;associer la photo de notre correspondant avec son portrait. C&rsquo;\u00e9tait dr\u00f4le!<br \/>\nIls nous ont aussi envoy\u00e9 deux petits drapeaux car ils ont f\u00eat\u00e9 le 50e anniversaire de l&rsquo;ind\u00e9pendance de l&rsquo;\u00eele.<br \/>\n<a href=\"https:\/\/stemarie-derval.fr\/wp-content\/uploads\/2018\/04\/DSC_1560.jpg\"><img loading=\"lazy\" decoding=\"async\" src=\"https:\/\/stemarie-derval.fr\/wp-content\/uploads\/2018\/04\/DSC_1560-300x169.jpg\" alt=\"\" width=\"300\" height=\"169\" class=\"alignright size-medium wp-image-2692\" srcset=\"https:\/\/stemarie-derval.fr\/wp-content\/uploads\/2018\/04\/DSC_1560-300x169.jpg 300w, https:\/\/stemarie-derval.fr\/wp-content\/uploads\/2018\/04\/DSC_1560-768x432.jpg 768w, https:\/\/stemarie-derval.fr\/wp-content\/uploads\/2018\/04\/DSC_1560-1024x576.jpg 1024w, https:\/\/stemarie-derval.fr\/wp-content\/uploads\/2018\/04\/DSC_1560.jpg 2048w\" sizes=\"(max-width: 300px) 100vw, 300px\" \/><\/a><\/p>\n<p><a href=\"https:\/\/stemarie-derval.fr\/wp-content\/uploads\/2018\/04\/DSC_1561.jpg\"><img loading=\"lazy\" decoding=\"async\" src=\"https:\/\/stemarie-derval.fr\/wp-content\/uploads\/2018\/04\/DSC_1561-300x169.jpg\" alt=\"\" width=\"300\" height=\"169\" class=\"alignright size-medium wp-image-2693\" srcset=\"https:\/\/stemarie-derval.fr\/wp-content\/uploads\/2018\/04\/DSC_1561-300x169.jpg 300w, https:\/\/stemarie-derval.fr\/wp-content\/uploads\/2018\/04\/DSC_1561-768x432.jpg 768w, https:\/\/stemarie-derval.fr\/wp-content\/uploads\/2018\/04\/DSC_1561-1024x576.jpg 1024w, https:\/\/stemarie-derval.fr\/wp-content\/uploads\/2018\/04\/DSC_1561.jpg 2048w\" sizes=\"(max-width: 300px) 100vw, 300px\" \/><\/a><\/p>\n<p><a href=\"https:\/\/stemarie-derval.fr\/wp-content\/uploads\/2018\/04\/DSC_1566.jpg\"><img loading=\"lazy\" decoding=\"async\" src=\"https:\/\/stemarie-derval.fr\/wp-content\/uploads\/2018\/04\/DSC_1566-300x169.jpg\" alt=\"\" width=\"300\" height=\"169\" class=\"alignright size-medium wp-image-2694\" srcset=\"https:\/\/stemarie-derval.fr\/wp-content\/uploads\/2018\/04\/DSC_1566-300x169.jpg 300w, https:\/\/stemarie-derval.fr\/wp-content\/uploads\/2018\/04\/DSC_1566-768x432.jpg 768w, https:\/\/stemarie-derval.fr\/wp-content\/uploads\/2018\/04\/DSC_1566-1024x576.jpg 1024w, https:\/\/stemarie-derval.fr\/wp-content\/uploads\/2018\/04\/DSC_1566.jpg 2048w\" sizes=\"(max-width: 300px) 100vw, 300px\" \/><\/a><\/p>\n","protected":false},"excerpt":{"rendered":"<p>Cette ann\u00e9e, en lien avec le projet d&rsquo;\u00e9cole qui est ax\u00e9 sur l&rsquo;ouverture au monde, la classe de CM1-CM2 a commenc\u00e9 une correspondance avec une classe de CM2 de l&rsquo;\u00eele Maurice. Nous avons envoy\u00e9 une premi\u00e8re lettre pour leur demander s&rsquo;ils voulaient bien correspondre avec nous. Ils ont r\u00e9pondu favorablement. Ensuite, en d\u00e9cembre, nous avons<\/p>\n<p><a href=\"https:\/\/stemarie-derval.fr\/?p=2691\" class=\"more-link themebutton\">Lire la suite<\/a><\/p>\n","protected":false},"author":10,"featured_media":0,"comment_status":"closed","ping_status":"closed","sticky":false,"template":"","format":"standard","meta":{"footnotes":""},"categories":[5],"tags":[],"_links":{"self":[{"href":"https:\/\/stemarie-derval.fr\/index.php?rest_route=\/wp\/v2\/posts\/2691"}],"collection":[{"href":"https:\/\/stemarie-derval.fr\/index.php?rest_route=\/wp\/v2\/posts"}],"about":[{"href":"https:\/\/stemarie-derval.fr\/index.php?rest_route=\/wp\/v2\/types\/post"}],"author":[{"embeddable":true,"href":"https:\/\/stemarie-derval.fr\/index.php?rest_route=\/wp\/v2\/users\/10"}],"replies":[{"embeddable":true,"href":"https:\/\/stemarie-derval.fr\/index.php?rest_route=%2Fwp%2Fv2%2Fcomments&post=2691"}],"version-history":[{"count":0,"href":"https:\/\/stemarie-derval.fr\/index.php?rest_route=\/wp\/v2\/posts\/2691\/revisions"}],"wp:attachment":[{"href":"https:\/\/stemarie-derval.fr\/index.php?rest_route=%2Fwp%2Fv2%2Fmedia&parent=2691"}],"wp:term":[{"taxonomy":"category","embeddable":true,"href":"https:\/\/stemarie-derval.fr\/index.php?rest_route=%2Fwp%2Fv2%2Fcategories&post=2691"},{"taxonomy":"post_tag","embeddable":true,"href":"https:\/\/stemarie-derval.fr\/index.php?rest_route=%2Fwp%2Fv2%2Ftags&post=2691"}],"curies":[{"name":"wp","href":"https:\/\/api.w.org\/{rel}","templated":true}]}}