{"id":2948,"date":"2018-06-19T20:54:03","date_gmt":"2018-06-19T18:54:03","guid":{"rendered":"https:\/\/stemarie-derval.fr\/?p=2948"},"modified":"2018-06-19T20:54:03","modified_gmt":"2018-06-19T18:54:03","slug":"defi-lecture-cm2-6emes","status":"publish","type":"post","link":"https:\/\/stemarie-derval.fr\/?p=2948","title":{"rendered":"D\u00e9fi lecture CM2\/6\u00e8mes"},"content":{"rendered":"<p>Pendant l&rsquo;ann\u00e9e, les \u00e9l\u00e8ves de CM2 des \u00e9coles de Derval, Lusanger, Sion les Mines et les \u00e9l\u00e8ves de 6\u00e8mes de Derval ont lu trois romans:<\/p>\n<ul>\n<li>Rouge Braise de Rolande Causse<\/li>\n<li>Qui veut le c\u0153ur d&rsquo;Artie Show? d&rsquo;Emmanuel Tr\u00e9dez<\/li>\n<li>Mon petit c\u0153ur imb\u00e9cile de Xavier-Laurent Petit<\/li>\n<\/ul>\n<p>Jeudi 14 juin, tous les \u00e9l\u00e8ves&nbsp; se sont r\u00e9unis \u00e0 la salle des sports de Derval pour participer au d\u00e9fi lecture. Par \u00e9quipes, ils ont du r\u00e9pondre \u00e0 une s\u00e9rie de questions portant sur les 3 romans. Chaque bin\u00f4me devait \u00e9crire sa r\u00e9ponse sur une ardoise. Bravo \u00e0 tous pour votre participation!<\/p>\n<p>L&rsquo;\u00e9quipe rouge a remport\u00e9 le d\u00e9fi et a gagn\u00e9 une s\u00e9rie de romans.<\/p>\n<p>[ngg_images source=\u00a0\u00bbgalleries\u00a0\u00bb container_ids=\u00a0\u00bb119&Prime; display_type=\u00a0\u00bbphotocrati-nextgen_basic_slideshow\u00a0\u00bb gallery_width=\u00a0\u00bb320&Prime; gallery_height=\u00a0\u00bb240&Prime; cycle_effect=\u00a0\u00bbfade\u00a0\u00bb cycle_interval=\u00a0\u00bb3&Prime; show_thumbnail_link=\u00a0\u00bb1&Prime; thumbnail_link_text=\u00a0\u00bb[Show picture list]\u00a0\u00bb order_by=\u00a0\u00bbsortorder\u00a0\u00bb order_direction=\u00a0\u00bbASC\u00a0\u00bb returns=\u00a0\u00bbincluded\u00a0\u00bb maximum_entity_count=\u00a0\u00bb500&Prime;]<\/p>\n","protected":false},"excerpt":{"rendered":"<p>Pendant l&rsquo;ann\u00e9e, les \u00e9l\u00e8ves de CM2 des \u00e9coles de Derval, Lusanger, Sion les Mines et les \u00e9l\u00e8ves de 6\u00e8mes de Derval ont lu trois romans: Rouge Braise de Rolande Causse Qui veut le c\u0153ur d&rsquo;Artie Show? d&rsquo;Emmanuel Tr\u00e9dez Mon petit c\u0153ur imb\u00e9cile de Xavier-Laurent Petit Jeudi 14 juin, tous les \u00e9l\u00e8ves&nbsp; se sont r\u00e9unis \u00e0<\/p>\n<p><a href=\"https:\/\/stemarie-derval.fr\/?p=2948\" class=\"more-link themebutton\">Lire la suite<\/a><\/p>\n","protected":false},"author":10,"featured_media":0,"comment_status":"closed","ping_status":"closed","sticky":false,"template":"","format":"standard","meta":{"footnotes":""},"categories":[5,4],"tags":[],"_links":{"self":[{"href":"https:\/\/stemarie-derval.fr\/index.php?rest_route=\/wp\/v2\/posts\/2948"}],"collection":[{"href":"https:\/\/stemarie-derval.fr\/index.php?rest_route=\/wp\/v2\/posts"}],"about":[{"href":"https:\/\/stemarie-derval.fr\/index.php?rest_route=\/wp\/v2\/types\/post"}],"author":[{"embeddable":true,"href":"https:\/\/stemarie-derval.fr\/index.php?rest_route=\/wp\/v2\/users\/10"}],"replies":[{"embeddable":true,"href":"https:\/\/stemarie-derval.fr\/index.php?rest_route=%2Fwp%2Fv2%2Fcomments&post=2948"}],"version-history":[{"count":0,"href":"https:\/\/stemarie-derval.fr\/index.php?rest_route=\/wp\/v2\/posts\/2948\/revisions"}],"wp:attachment":[{"href":"https:\/\/stemarie-derval.fr\/index.php?rest_route=%2Fwp%2Fv2%2Fmedia&parent=2948"}],"wp:term":[{"taxonomy":"category","embeddable":true,"href":"https:\/\/stemarie-derval.fr\/index.php?rest_route=%2Fwp%2Fv2%2Fcategories&post=2948"},{"taxonomy":"post_tag","embeddable":true,"href":"https:\/\/stemarie-derval.fr\/index.php?rest_route=%2Fwp%2Fv2%2Ftags&post=2948"}],"curies":[{"name":"wp","href":"https:\/\/api.w.org\/{rel}","templated":true}]}}