{"id":2997,"date":"2018-09-12T16:19:43","date_gmt":"2018-09-12T14:19:43","guid":{"rendered":"https:\/\/stemarie-derval.fr\/?p=2997"},"modified":"2018-09-12T16:19:43","modified_gmt":"2018-09-12T14:19:43","slug":"rentree-des-cm1-cm2","status":"publish","type":"post","link":"https:\/\/stemarie-derval.fr\/?p=2997","title":{"rendered":"Rentr\u00e9e des CM1-CM2"},"content":{"rendered":"<p>Une nouvelle ann\u00e9e scolaire commence! Nous sommes la classe de CM1-CM2. Nous sommes 19 CM1 et 7 CM2.<\/p>\n<p>Sur notre site, vous pourrez venir voir nos diff\u00e9rents projets, nos sorties&#8230;<\/p>\n<p>En ce d\u00e9but d&rsquo;ann\u00e9e, nous avons r\u00e9alis\u00e9 une fresque collective avec toutes nos mains. Nous la pr\u00e9senterons \u00e0 l&rsquo;ensemble de l&rsquo;\u00e9cole lors de l&rsquo;assembl\u00e9e d&rsquo;\u00e9l\u00e8ves (vendredi).<\/p>\n<p>A bient\u00f4t.<\/p>\n<p>Les CM1-CM2<\/p>\n<p><a href=\"https:\/\/stemarie-derval.fr\/wp-content\/uploads\/2018\/09\/DSC_1923.jpg\"><img loading=\"lazy\" decoding=\"async\" width=\"317\" height=\"179\" class=\" wp-image-2998 aligncenter\" alt=\"\" src=\"https:\/\/stemarie-derval.fr\/wp-content\/uploads\/2018\/09\/DSC_1923-300x169.jpg\" srcset=\"https:\/\/stemarie-derval.fr\/wp-content\/uploads\/2018\/09\/DSC_1923-300x169.jpg 300w, https:\/\/stemarie-derval.fr\/wp-content\/uploads\/2018\/09\/DSC_1923-768x432.jpg 768w, https:\/\/stemarie-derval.fr\/wp-content\/uploads\/2018\/09\/DSC_1923-1024x576.jpg 1024w, https:\/\/stemarie-derval.fr\/wp-content\/uploads\/2018\/09\/DSC_1923.jpg 2048w\" sizes=\"(max-width: 317px) 100vw, 317px\" \/><\/a><\/p>\n","protected":false},"excerpt":{"rendered":"<p>Une nouvelle ann\u00e9e scolaire commence! Nous sommes la classe de CM1-CM2. Nous sommes 19 CM1 et 7 CM2. Sur notre site, vous pourrez venir voir nos diff\u00e9rents projets, nos sorties&#8230; En ce d\u00e9but d&rsquo;ann\u00e9e, nous avons r\u00e9alis\u00e9 une fresque collective avec toutes nos mains. Nous la pr\u00e9senterons \u00e0 l&rsquo;ensemble de l&rsquo;\u00e9cole lors de l&rsquo;assembl\u00e9e d&rsquo;\u00e9l\u00e8ves<\/p>\n<p><a href=\"https:\/\/stemarie-derval.fr\/?p=2997\" class=\"more-link themebutton\">Lire la suite<\/a><\/p>\n","protected":false},"author":10,"featured_media":0,"comment_status":"closed","ping_status":"closed","sticky":false,"template":"","format":"standard","meta":{"footnotes":""},"categories":[5],"tags":[],"_links":{"self":[{"href":"https:\/\/stemarie-derval.fr\/index.php?rest_route=\/wp\/v2\/posts\/2997"}],"collection":[{"href":"https:\/\/stemarie-derval.fr\/index.php?rest_route=\/wp\/v2\/posts"}],"about":[{"href":"https:\/\/stemarie-derval.fr\/index.php?rest_route=\/wp\/v2\/types\/post"}],"author":[{"embeddable":true,"href":"https:\/\/stemarie-derval.fr\/index.php?rest_route=\/wp\/v2\/users\/10"}],"replies":[{"embeddable":true,"href":"https:\/\/stemarie-derval.fr\/index.php?rest_route=%2Fwp%2Fv2%2Fcomments&post=2997"}],"version-history":[{"count":0,"href":"https:\/\/stemarie-derval.fr\/index.php?rest_route=\/wp\/v2\/posts\/2997\/revisions"}],"wp:attachment":[{"href":"https:\/\/stemarie-derval.fr\/index.php?rest_route=%2Fwp%2Fv2%2Fmedia&parent=2997"}],"wp:term":[{"taxonomy":"category","embeddable":true,"href":"https:\/\/stemarie-derval.fr\/index.php?rest_route=%2Fwp%2Fv2%2Fcategories&post=2997"},{"taxonomy":"post_tag","embeddable":true,"href":"https:\/\/stemarie-derval.fr\/index.php?rest_route=%2Fwp%2Fv2%2Ftags&post=2997"}],"curies":[{"name":"wp","href":"https:\/\/api.w.org\/{rel}","templated":true}]}}