{"id":3002,"date":"2018-09-29T09:00:30","date_gmt":"2018-09-29T07:00:30","guid":{"rendered":"https:\/\/stemarie-derval.fr\/?p=3002"},"modified":"2018-09-29T09:17:10","modified_gmt":"2018-09-29T07:17:10","slug":"concert-lecture-philharmonie-des-deux-mondes","status":"publish","type":"post","link":"https:\/\/stemarie-derval.fr\/?p=3002","title":{"rendered":"Concert-lecture \u00ab\u00a0Philharmonie des deux mondes\u00a0\u00bb"},"content":{"rendered":"<p>Vendredi 5 octobre prochain, l&rsquo;apr\u00e8s-midi,&nbsp; les \u00e9l\u00e8ves du CP au CM2 assisteront \u00e0 un concert-lecture de l&rsquo;orchestre \u00ab\u00a0Philharmonie des deux mondes\u00a0\u00bb.<\/p>\n<p><img loading=\"lazy\" decoding=\"async\" class=\"aligncenter size-medium wp-image-3007\" src=\"https:\/\/stemarie-derval.fr\/wp-content\/uploads\/2018\/09\/philharmonie-Scolaire-4-300x169.jpg\" alt=\"\" width=\"315\" height=\"177\" srcset=\"https:\/\/stemarie-derval.fr\/wp-content\/uploads\/2018\/09\/philharmonie-Scolaire-4-300x169.jpg 300w, https:\/\/stemarie-derval.fr\/wp-content\/uploads\/2018\/09\/philharmonie-Scolaire-4-768x432.jpg 768w, https:\/\/stemarie-derval.fr\/wp-content\/uploads\/2018\/09\/philharmonie-Scolaire-4-1024x576.jpg 1024w, https:\/\/stemarie-derval.fr\/wp-content\/uploads\/2018\/09\/philharmonie-Scolaire-4.jpg 1920w\" sizes=\"(max-width: 315px) 100vw, 315px\" \/><\/p>\n<p>Cet orchestre, dirig\u00e9 par M. Philippe HUI et compos\u00e9 de pr\u00e8s de 48 musiciens, fera d\u00e9couvrir aux \u00e9l\u00e8ves la \u00ab\u00a09\u00e8me symphonie\u00a0\u00bb de Beethoven. Lors de cet \u00e9v\u00e9nement, ils auront la chance de chanter en m\u00eame temps que l&rsquo;orchestre, l'\u00a0\u00bbHymne \u00e0 la joie\u00a0\u00bb (hymne europ\u00e9en). Ils s&rsquo;entra\u00eenent actuellement en classe.<\/p>\n<p>Philippe Hui, le chef d&rsquo;orchestre, nous a fait l&rsquo;honneur de venir \u00e0 l&rsquo;\u00e9cole vendredi 28 septembre, le matin, pour faire r\u00e9p\u00e9ter les \u00e9l\u00e8ves.<\/p>\n<p><img loading=\"lazy\" decoding=\"async\" class=\"aligncenter size-large wp-image-3041\" src=\"https:\/\/stemarie-derval.fr\/wp-content\/uploads\/2018\/09\/DSC01230-1-1024x768.jpg\" alt=\"\" width=\"761\" height=\"572\" srcset=\"https:\/\/stemarie-derval.fr\/wp-content\/uploads\/2018\/09\/DSC01230-1-1024x768.jpg 1024w, https:\/\/stemarie-derval.fr\/wp-content\/uploads\/2018\/09\/DSC01230-1-300x225.jpg 300w, https:\/\/stemarie-derval.fr\/wp-content\/uploads\/2018\/09\/DSC01230-1-768x576.jpg 768w, https:\/\/stemarie-derval.fr\/wp-content\/uploads\/2018\/09\/DSC01230-1.jpg 2048w\" sizes=\"(max-width: 761px) 100vw, 761px\" \/><\/p>\n<p>Voici une bande son permettant aux \u00e9l\u00e8ves de s&rsquo;entra\u00eener \u00e0 la maison :<\/p>\n<!--[if lt IE 9]><script>document.createElement('audio');<\/script><![endif]-->\n<audio class=\"wp-audio-shortcode\" id=\"audio-3002-1\" preload=\"none\" style=\"width: 100%;\" controls=\"controls\"><source type=\"audio\/mpeg\" src=\"https:\/\/stemarie-derval.fr\/wp-content\/uploads\/2018\/09\/New-Poppys-Ode-\u00e0-la-Joie-hymn-to-the-joy1.mp3?_=1\" \/><a href=\"https:\/\/stemarie-derval.fr\/wp-content\/uploads\/2018\/09\/New-Poppys-Ode-\u00e0-la-Joie-hymn-to-the-joy1.mp3\">https:\/\/stemarie-derval.fr\/wp-content\/uploads\/2018\/09\/New-Poppys-Ode-\u00e0-la-Joie-hymn-to-the-joy1.mp3<\/a><\/audio>\n<p>&nbsp;<\/p>\n<p>Un concert sera propos\u00e9 au public le vendredi 5 octobre \u00e0 20h30 \u00e0 la salle des f\u00eates de derval.<\/p>\n<p><img loading=\"lazy\" decoding=\"async\" class=\"aligncenter size-large wp-image-3042\" src=\"https:\/\/stemarie-derval.fr\/wp-content\/uploads\/2018\/09\/Affiche-A4_Derval-725x1024.jpg\" alt=\"\" width=\"663\" height=\"936\" srcset=\"https:\/\/stemarie-derval.fr\/wp-content\/uploads\/2018\/09\/Affiche-A4_Derval-725x1024.jpg 725w, https:\/\/stemarie-derval.fr\/wp-content\/uploads\/2018\/09\/Affiche-A4_Derval-212x300.jpg 212w, https:\/\/stemarie-derval.fr\/wp-content\/uploads\/2018\/09\/Affiche-A4_Derval-768x1085.jpg 768w, https:\/\/stemarie-derval.fr\/wp-content\/uploads\/2018\/09\/Affiche-A4_Derval.jpg 1449w\" sizes=\"(max-width: 663px) 100vw, 663px\" \/><\/p>\n<p>Pour plus d&rsquo;informations, suivez ce lien : <a href=\"http:\/\/philharmoniedes2mondes.fr\/concert-lecture-scolaire-vendredi-5-octobre-2018-a-derval\/\" target=\"_blank\" rel=\"noopener\">http:\/\/philharmoniedes2mondes.fr\/concert-lecture-scolaire-vendredi-5-octobre-2018-a-derval\/<\/a><\/p>\n<p>&nbsp;<\/p>\n<p>&nbsp;<\/p>\n","protected":false},"excerpt":{"rendered":"<p>Vendredi 5 octobre prochain, l&rsquo;apr\u00e8s-midi,&nbsp; les \u00e9l\u00e8ves du CP au CM2 assisteront \u00e0 un concert-lecture de l&rsquo;orchestre \u00ab\u00a0Philharmonie des deux mondes\u00a0\u00bb. Cet orchestre, dirig\u00e9 par M. Philippe HUI et compos\u00e9 de pr\u00e8s de 48 musiciens, fera d\u00e9couvrir aux \u00e9l\u00e8ves la \u00ab\u00a09\u00e8me symphonie\u00a0\u00bb de Beethoven. Lors de cet \u00e9v\u00e9nement, ils auront la chance de chanter en<\/p>\n<p><a href=\"https:\/\/stemarie-derval.fr\/?p=3002\" class=\"more-link themebutton\">Lire la suite<\/a><\/p>\n","protected":false},"author":2,"featured_media":0,"comment_status":"closed","ping_status":"closed","sticky":false,"template":"","format":"standard","meta":{"footnotes":""},"categories":[6,9,5,4,7,26,11],"tags":[],"_links":{"self":[{"href":"https:\/\/stemarie-derval.fr\/index.php?rest_route=\/wp\/v2\/posts\/3002"}],"collection":[{"href":"https:\/\/stemarie-derval.fr\/index.php?rest_route=\/wp\/v2\/posts"}],"about":[{"href":"https:\/\/stemarie-derval.fr\/index.php?rest_route=\/wp\/v2\/types\/post"}],"author":[{"embeddable":true,"href":"https:\/\/stemarie-derval.fr\/index.php?rest_route=\/wp\/v2\/users\/2"}],"replies":[{"embeddable":true,"href":"https:\/\/stemarie-derval.fr\/index.php?rest_route=%2Fwp%2Fv2%2Fcomments&post=3002"}],"version-history":[{"count":0,"href":"https:\/\/stemarie-derval.fr\/index.php?rest_route=\/wp\/v2\/posts\/3002\/revisions"}],"wp:attachment":[{"href":"https:\/\/stemarie-derval.fr\/index.php?rest_route=%2Fwp%2Fv2%2Fmedia&parent=3002"}],"wp:term":[{"taxonomy":"category","embeddable":true,"href":"https:\/\/stemarie-derval.fr\/index.php?rest_route=%2Fwp%2Fv2%2Fcategories&post=3002"},{"taxonomy":"post_tag","embeddable":true,"href":"https:\/\/stemarie-derval.fr\/index.php?rest_route=%2Fwp%2Fv2%2Ftags&post=3002"}],"curies":[{"name":"wp","href":"https:\/\/api.w.org\/{rel}","templated":true}]}}