{"id":3012,"date":"2018-09-26T16:50:56","date_gmt":"2018-09-26T14:50:56","guid":{"rendered":"https:\/\/stemarie-derval.fr\/?p=3012"},"modified":"2018-09-26T16:50:56","modified_gmt":"2018-09-26T14:50:56","slug":"presentation-de-la-classe-de-ce1-ce2","status":"publish","type":"post","link":"https:\/\/stemarie-derval.fr\/?p=3012","title":{"rendered":"Pr\u00e9sentation de la classe de ce1\/ce2"},"content":{"rendered":"<p>Bienvenue sur la page internet de notre classe de ce1\/ce2. Vous pourrez suivre tout au long de cette ann\u00e9e nos diff\u00e9rents projets et temps forts.<\/p>\n<p>Dans notre classe, nous sommes 18 ce1 et 6 ce2. Il y a 17 gar\u00e7ons et 7 filles.<a href=\"https:\/\/stemarie-derval.fr\/wp-content\/uploads\/2018\/09\/DSC_0917.jpg\"><img loading=\"lazy\" decoding=\"async\" class=\"aligncenter size-large wp-image-3013\" src=\"https:\/\/stemarie-derval.fr\/wp-content\/uploads\/2018\/09\/DSC_0917-1024x578.jpg\" alt=\"\" width=\"960\" height=\"542\" srcset=\"https:\/\/stemarie-derval.fr\/wp-content\/uploads\/2018\/09\/DSC_0917-1024x578.jpg 1024w, https:\/\/stemarie-derval.fr\/wp-content\/uploads\/2018\/09\/DSC_0917-300x169.jpg 300w, https:\/\/stemarie-derval.fr\/wp-content\/uploads\/2018\/09\/DSC_0917-768x433.jpg 768w, https:\/\/stemarie-derval.fr\/wp-content\/uploads\/2018\/09\/DSC_0917.jpg 2048w\" sizes=\"(max-width: 960px) 100vw, 960px\" \/><\/a><\/p>\n","protected":false},"excerpt":{"rendered":"<p>Bienvenue sur la page internet de notre classe de ce1\/ce2. Vous pourrez suivre tout au long de cette ann\u00e9e nos diff\u00e9rents projets et temps forts. Dans notre classe, nous sommes 18 ce1 et 6 ce2. Il y a 17 gar\u00e7ons et 7 filles.<\/p>\n","protected":false},"author":9,"featured_media":0,"comment_status":"closed","ping_status":"closed","sticky":false,"template":"","format":"standard","meta":{"footnotes":""},"categories":[7],"tags":[],"_links":{"self":[{"href":"https:\/\/stemarie-derval.fr\/index.php?rest_route=\/wp\/v2\/posts\/3012"}],"collection":[{"href":"https:\/\/stemarie-derval.fr\/index.php?rest_route=\/wp\/v2\/posts"}],"about":[{"href":"https:\/\/stemarie-derval.fr\/index.php?rest_route=\/wp\/v2\/types\/post"}],"author":[{"embeddable":true,"href":"https:\/\/stemarie-derval.fr\/index.php?rest_route=\/wp\/v2\/users\/9"}],"replies":[{"embeddable":true,"href":"https:\/\/stemarie-derval.fr\/index.php?rest_route=%2Fwp%2Fv2%2Fcomments&post=3012"}],"version-history":[{"count":0,"href":"https:\/\/stemarie-derval.fr\/index.php?rest_route=\/wp\/v2\/posts\/3012\/revisions"}],"wp:attachment":[{"href":"https:\/\/stemarie-derval.fr\/index.php?rest_route=%2Fwp%2Fv2%2Fmedia&parent=3012"}],"wp:term":[{"taxonomy":"category","embeddable":true,"href":"https:\/\/stemarie-derval.fr\/index.php?rest_route=%2Fwp%2Fv2%2Fcategories&post=3012"},{"taxonomy":"post_tag","embeddable":true,"href":"https:\/\/stemarie-derval.fr\/index.php?rest_route=%2Fwp%2Fv2%2Ftags&post=3012"}],"curies":[{"name":"wp","href":"https:\/\/api.w.org\/{rel}","templated":true}]}}