{"id":3015,"date":"2018-09-27T10:24:20","date_gmt":"2018-09-27T08:24:20","guid":{"rendered":"https:\/\/stemarie-derval.fr\/?p=3015"},"modified":"2018-09-27T10:24:20","modified_gmt":"2018-09-27T08:24:20","slug":"le-train-de-notre-classe","status":"publish","type":"post","link":"https:\/\/stemarie-derval.fr\/?p=3015","title":{"rendered":"Le train de notre classe"},"content":{"rendered":"<p>Notre premier projet en art visuel a \u00e9t\u00e9 la r\u00e9alisation du train de la classe.<\/p>\n<p>Nous avons colori\u00e9 des wagons puis nous avons coll\u00e9 notre photo pour nous placer \u00e0 l&rsquo;int\u00e9rieur du train. Ensuite, nous avons pr\u00e9par\u00e9 l&rsquo;affiche pour cr\u00e9er un d\u00e9cor (oiseaux, fleurs, nuages, soleil&#8230;).<\/p>\n<p>Nous voici tous \u00e0 bord du train, en route vers une nouvelle ann\u00e9e!<\/p>\n<p><a href=\"https:\/\/stemarie-derval.fr\/wp-content\/uploads\/2018\/09\/DSC_0793-1.jpg\"><img loading=\"lazy\" decoding=\"async\" class=\"aligncenter size-large wp-image-3016\" src=\"https:\/\/stemarie-derval.fr\/wp-content\/uploads\/2018\/09\/DSC_0793-1-1024x578.jpg\" alt=\"\" width=\"960\" height=\"542\" srcset=\"https:\/\/stemarie-derval.fr\/wp-content\/uploads\/2018\/09\/DSC_0793-1-1024x578.jpg 1024w, https:\/\/stemarie-derval.fr\/wp-content\/uploads\/2018\/09\/DSC_0793-1-300x169.jpg 300w, https:\/\/stemarie-derval.fr\/wp-content\/uploads\/2018\/09\/DSC_0793-1-768x433.jpg 768w, https:\/\/stemarie-derval.fr\/wp-content\/uploads\/2018\/09\/DSC_0793-1.jpg 2048w\" sizes=\"(max-width: 960px) 100vw, 960px\" \/><\/a><\/p>\n","protected":false},"excerpt":{"rendered":"<p>Notre premier projet en art visuel a \u00e9t\u00e9 la r\u00e9alisation du train de la classe. Nous avons colori\u00e9 des wagons puis nous avons coll\u00e9 notre photo pour nous placer \u00e0 l&rsquo;int\u00e9rieur du train. Ensuite, nous avons pr\u00e9par\u00e9 l&rsquo;affiche pour cr\u00e9er un d\u00e9cor (oiseaux, fleurs, nuages, soleil&#8230;). Nous voici tous \u00e0 bord du train, en route<\/p>\n<p><a href=\"https:\/\/stemarie-derval.fr\/?p=3015\" class=\"more-link themebutton\">Lire la suite<\/a><\/p>\n","protected":false},"author":9,"featured_media":0,"comment_status":"closed","ping_status":"closed","sticky":false,"template":"","format":"standard","meta":{"footnotes":""},"categories":[7],"tags":[],"_links":{"self":[{"href":"https:\/\/stemarie-derval.fr\/index.php?rest_route=\/wp\/v2\/posts\/3015"}],"collection":[{"href":"https:\/\/stemarie-derval.fr\/index.php?rest_route=\/wp\/v2\/posts"}],"about":[{"href":"https:\/\/stemarie-derval.fr\/index.php?rest_route=\/wp\/v2\/types\/post"}],"author":[{"embeddable":true,"href":"https:\/\/stemarie-derval.fr\/index.php?rest_route=\/wp\/v2\/users\/9"}],"replies":[{"embeddable":true,"href":"https:\/\/stemarie-derval.fr\/index.php?rest_route=%2Fwp%2Fv2%2Fcomments&post=3015"}],"version-history":[{"count":0,"href":"https:\/\/stemarie-derval.fr\/index.php?rest_route=\/wp\/v2\/posts\/3015\/revisions"}],"wp:attachment":[{"href":"https:\/\/stemarie-derval.fr\/index.php?rest_route=%2Fwp%2Fv2%2Fmedia&parent=3015"}],"wp:term":[{"taxonomy":"category","embeddable":true,"href":"https:\/\/stemarie-derval.fr\/index.php?rest_route=%2Fwp%2Fv2%2Fcategories&post=3015"},{"taxonomy":"post_tag","embeddable":true,"href":"https:\/\/stemarie-derval.fr\/index.php?rest_route=%2Fwp%2Fv2%2Ftags&post=3015"}],"curies":[{"name":"wp","href":"https:\/\/api.w.org\/{rel}","templated":true}]}}