{"id":3018,"date":"2018-09-27T10:35:32","date_gmt":"2018-09-27T08:35:32","guid":{"rendered":"https:\/\/stemarie-derval.fr\/?p=3018"},"modified":"2018-09-27T10:35:32","modified_gmt":"2018-09-27T08:35:32","slug":"lassemblee-denfants","status":"publish","type":"post","link":"https:\/\/stemarie-derval.fr\/?p=3018","title":{"rendered":"L&rsquo;assembl\u00e9e d&rsquo;enfants"},"content":{"rendered":"<p>Notre premi\u00e8re assembl\u00e9e d&rsquo;enfants a eu lieu. Nous nous sommes retrouv\u00e9s avec toutes les autres classes de l&rsquo;\u00e9cole sur la cour.<\/p>\n<p>Nous avons pr\u00e9sent\u00e9 les nouveaux \u00e9l\u00e8ves de l&rsquo;\u00e9cole, mais aussi les nouveaux adultes. Chaque classe a ensuite pr\u00e9sent\u00e9 quelque chose: la mascotte, une chanson, une cr\u00e9ation artistique..<\/p>\n<p>Pour terminer ce moment, nous avons \u00e9cout\u00e9 puis chant\u00e9 une chanson qui s&rsquo;appelle \u00ab\u00a0c&rsquo;est la rentr\u00e9e des classes\u00a0\u00bb. Vous pouvez \u00e9couter cette chanson sur le lien ci-dessous.<\/p>\n<!--[if lt IE 9]><script>document.createElement('audio');<\/script><![endif]-->\n<audio class=\"wp-audio-shortcode\" id=\"audio-3018-1\" preload=\"none\" style=\"width: 100%;\" controls=\"controls\"><source type=\"audio\/mpeg\" src=\"https:\/\/stemarie-derval.fr\/wp-content\/uploads\/2018\/09\/cest-la-rentree-des-classes.mp3?_=1\" \/><a href=\"https:\/\/stemarie-derval.fr\/wp-content\/uploads\/2018\/09\/cest-la-rentree-des-classes.mp3\">https:\/\/stemarie-derval.fr\/wp-content\/uploads\/2018\/09\/cest-la-rentree-des-classes.mp3<\/a><\/audio>\n","protected":false},"excerpt":{"rendered":"<p>Notre premi\u00e8re assembl\u00e9e d&rsquo;enfants a eu lieu. Nous nous sommes retrouv\u00e9s avec toutes les autres classes de l&rsquo;\u00e9cole sur la cour. Nous avons pr\u00e9sent\u00e9 les nouveaux \u00e9l\u00e8ves de l&rsquo;\u00e9cole, mais aussi les nouveaux adultes. Chaque classe a ensuite pr\u00e9sent\u00e9 quelque chose: la mascotte, une chanson, une cr\u00e9ation artistique.. Pour terminer ce moment, nous avons \u00e9cout\u00e9<\/p>\n<p><a href=\"https:\/\/stemarie-derval.fr\/?p=3018\" class=\"more-link themebutton\">Lire la suite<\/a><\/p>\n","protected":false},"author":9,"featured_media":0,"comment_status":"closed","ping_status":"closed","sticky":false,"template":"","format":"standard","meta":{"footnotes":""},"categories":[7],"tags":[],"_links":{"self":[{"href":"https:\/\/stemarie-derval.fr\/index.php?rest_route=\/wp\/v2\/posts\/3018"}],"collection":[{"href":"https:\/\/stemarie-derval.fr\/index.php?rest_route=\/wp\/v2\/posts"}],"about":[{"href":"https:\/\/stemarie-derval.fr\/index.php?rest_route=\/wp\/v2\/types\/post"}],"author":[{"embeddable":true,"href":"https:\/\/stemarie-derval.fr\/index.php?rest_route=\/wp\/v2\/users\/9"}],"replies":[{"embeddable":true,"href":"https:\/\/stemarie-derval.fr\/index.php?rest_route=%2Fwp%2Fv2%2Fcomments&post=3018"}],"version-history":[{"count":0,"href":"https:\/\/stemarie-derval.fr\/index.php?rest_route=\/wp\/v2\/posts\/3018\/revisions"}],"wp:attachment":[{"href":"https:\/\/stemarie-derval.fr\/index.php?rest_route=%2Fwp%2Fv2%2Fmedia&parent=3018"}],"wp:term":[{"taxonomy":"category","embeddable":true,"href":"https:\/\/stemarie-derval.fr\/index.php?rest_route=%2Fwp%2Fv2%2Fcategories&post=3018"},{"taxonomy":"post_tag","embeddable":true,"href":"https:\/\/stemarie-derval.fr\/index.php?rest_route=%2Fwp%2Fv2%2Ftags&post=3018"}],"curies":[{"name":"wp","href":"https:\/\/api.w.org\/{rel}","templated":true}]}}