{"id":3044,"date":"2018-09-28T09:01:24","date_gmt":"2018-09-28T07:01:24","guid":{"rendered":"https:\/\/stemarie-derval.fr\/?p=3044"},"modified":"2018-09-29T09:14:56","modified_gmt":"2018-09-29T07:14:56","slug":"assemblee-decole-de-rentree-2","status":"publish","type":"post","link":"https:\/\/stemarie-derval.fr\/?p=3044","title":{"rendered":"Assembl\u00e9e d&rsquo;\u00e9cole de rentr\u00e9e"},"content":{"rendered":"<p>Le vendredi 14 septembre, en fin de matin\u00e9e, tous les \u00e9l\u00e8ves de l&rsquo;\u00e9cole se sont r\u00e9unis dans la cour afin de faire connaissances avec les nouvelles personnes (enseignants, asem et \u00e9l\u00e8ves).<\/p>\n<p>A cette occasion, chaque classe a pu pr\u00e9senter quelque chose : sa mascotte, une production artistique ou un chant.<\/p>\n<p>C&rsquo;\u00e9tait l&rsquo;occasion de tous se dire bonjour et de se souhaiter une bonne et belle ann\u00e9e scolaire !<\/p>\n<p><img loading=\"lazy\" decoding=\"async\" class=\"aligncenter size-large wp-image-3045\" src=\"https:\/\/stemarie-derval.fr\/wp-content\/uploads\/2018\/09\/DSC01217-1024x768.jpg\" alt=\"\" width=\"631\" height=\"473\" srcset=\"https:\/\/stemarie-derval.fr\/wp-content\/uploads\/2018\/09\/DSC01217-1024x768.jpg 1024w, https:\/\/stemarie-derval.fr\/wp-content\/uploads\/2018\/09\/DSC01217-300x225.jpg 300w, https:\/\/stemarie-derval.fr\/wp-content\/uploads\/2018\/09\/DSC01217-768x576.jpg 768w, https:\/\/stemarie-derval.fr\/wp-content\/uploads\/2018\/09\/DSC01217.jpg 2048w\" sizes=\"(max-width: 631px) 100vw, 631px\" \/> <img loading=\"lazy\" decoding=\"async\" class=\"aligncenter size-large wp-image-3046\" src=\"https:\/\/stemarie-derval.fr\/wp-content\/uploads\/2018\/09\/DSC01221-1024x768.jpg\" alt=\"\" width=\"631\" height=\"473\" srcset=\"https:\/\/stemarie-derval.fr\/wp-content\/uploads\/2018\/09\/DSC01221-1024x768.jpg 1024w, https:\/\/stemarie-derval.fr\/wp-content\/uploads\/2018\/09\/DSC01221-300x225.jpg 300w, https:\/\/stemarie-derval.fr\/wp-content\/uploads\/2018\/09\/DSC01221-768x576.jpg 768w, https:\/\/stemarie-derval.fr\/wp-content\/uploads\/2018\/09\/DSC01221.jpg 2048w\" sizes=\"(max-width: 631px) 100vw, 631px\" \/><\/p>\n","protected":false},"excerpt":{"rendered":"<p>Le vendredi 14 septembre, en fin de matin\u00e9e, tous les \u00e9l\u00e8ves de l&rsquo;\u00e9cole se sont r\u00e9unis dans la cour afin de faire connaissances avec les nouvelles personnes (enseignants, asem et \u00e9l\u00e8ves). A cette occasion, chaque classe a pu pr\u00e9senter quelque chose : sa mascotte, une production artistique ou un chant. C&rsquo;\u00e9tait l&rsquo;occasion de tous se<\/p>\n<p><a href=\"https:\/\/stemarie-derval.fr\/?p=3044\" class=\"more-link themebutton\">Lire la suite<\/a><\/p>\n","protected":false},"author":2,"featured_media":0,"comment_status":"closed","ping_status":"closed","sticky":false,"template":"","format":"standard","meta":{"footnotes":""},"categories":[26],"tags":[],"_links":{"self":[{"href":"https:\/\/stemarie-derval.fr\/index.php?rest_route=\/wp\/v2\/posts\/3044"}],"collection":[{"href":"https:\/\/stemarie-derval.fr\/index.php?rest_route=\/wp\/v2\/posts"}],"about":[{"href":"https:\/\/stemarie-derval.fr\/index.php?rest_route=\/wp\/v2\/types\/post"}],"author":[{"embeddable":true,"href":"https:\/\/stemarie-derval.fr\/index.php?rest_route=\/wp\/v2\/users\/2"}],"replies":[{"embeddable":true,"href":"https:\/\/stemarie-derval.fr\/index.php?rest_route=%2Fwp%2Fv2%2Fcomments&post=3044"}],"version-history":[{"count":0,"href":"https:\/\/stemarie-derval.fr\/index.php?rest_route=\/wp\/v2\/posts\/3044\/revisions"}],"wp:attachment":[{"href":"https:\/\/stemarie-derval.fr\/index.php?rest_route=%2Fwp%2Fv2%2Fmedia&parent=3044"}],"wp:term":[{"taxonomy":"category","embeddable":true,"href":"https:\/\/stemarie-derval.fr\/index.php?rest_route=%2Fwp%2Fv2%2Fcategories&post=3044"},{"taxonomy":"post_tag","embeddable":true,"href":"https:\/\/stemarie-derval.fr\/index.php?rest_route=%2Fwp%2Fv2%2Ftags&post=3044"}],"curies":[{"name":"wp","href":"https:\/\/api.w.org\/{rel}","templated":true}]}}