{"id":3053,"date":"2018-09-28T08:24:21","date_gmt":"2018-09-28T06:24:21","guid":{"rendered":"https:\/\/stemarie-derval.fr\/?p=3053"},"modified":"2018-09-29T09:38:29","modified_gmt":"2018-09-29T07:38:29","slug":"nouveau-en-maternelles","status":"publish","type":"post","link":"https:\/\/stemarie-derval.fr\/?p=3053","title":{"rendered":"NOUVEAU en Maternelles !"},"content":{"rendered":"<h2 style=\"text-align: center;\"><strong>NOUVEAU dans la cour des maternelles !<\/strong><\/h2>\n<p style=\"text-align: center;\">Les \u00e9l\u00e8ves de maternelles et CP ont d\u00e9couvert le jour de la rentr\u00e9e le nouvel am\u00e9nagement de la cour avec la nouvelle structure jeux.<\/p>\n<p style=\"text-align: center;\">Voil\u00e0 de quoi bien s&rsquo;amuser pendant les r\u00e9cr\u00e9s !<\/p>\n<p><img loading=\"lazy\" decoding=\"async\" class=\"aligncenter size-large wp-image-3038\" src=\"https:\/\/stemarie-derval.fr\/wp-content\/uploads\/2018\/09\/DSC01211-1024x768.jpg\" alt=\"\" width=\"499\" height=\"374\" srcset=\"https:\/\/stemarie-derval.fr\/wp-content\/uploads\/2018\/09\/DSC01211-1024x768.jpg 1024w, https:\/\/stemarie-derval.fr\/wp-content\/uploads\/2018\/09\/DSC01211-300x225.jpg 300w, https:\/\/stemarie-derval.fr\/wp-content\/uploads\/2018\/09\/DSC01211-768x576.jpg 768w, https:\/\/stemarie-derval.fr\/wp-content\/uploads\/2018\/09\/DSC01211.jpg 2048w\" sizes=\"(max-width: 499px) 100vw, 499px\" \/><\/p>\n<p><img loading=\"lazy\" decoding=\"async\" class=\"aligncenter size-large wp-image-3054\" src=\"https:\/\/stemarie-derval.fr\/wp-content\/uploads\/2018\/09\/DSC01214-1024x768.jpg\" alt=\"\" width=\"496\" height=\"372\" srcset=\"https:\/\/stemarie-derval.fr\/wp-content\/uploads\/2018\/09\/DSC01214-1024x768.jpg 1024w, https:\/\/stemarie-derval.fr\/wp-content\/uploads\/2018\/09\/DSC01214-300x225.jpg 300w, https:\/\/stemarie-derval.fr\/wp-content\/uploads\/2018\/09\/DSC01214-768x576.jpg 768w, https:\/\/stemarie-derval.fr\/wp-content\/uploads\/2018\/09\/DSC01214.jpg 2048w\" sizes=\"(max-width: 496px) 100vw, 496px\" \/><\/p>\n<p style=\"text-align: center;\">Merci \u00e0 l&rsquo;APEL et \u00e0 l&rsquo;OGEC pour le financement de ces am\u00e9nagements !<\/p>\n","protected":false},"excerpt":{"rendered":"<p>NOUVEAU dans la cour des maternelles ! Les \u00e9l\u00e8ves de maternelles et CP ont d\u00e9couvert le jour de la rentr\u00e9e le nouvel am\u00e9nagement de la cour avec la nouvelle structure jeux. Voil\u00e0 de quoi bien s&rsquo;amuser pendant les r\u00e9cr\u00e9s ! Merci \u00e0 l&rsquo;APEL et \u00e0 l&rsquo;OGEC pour le financement de ces am\u00e9nagements !<\/p>\n","protected":false},"author":2,"featured_media":0,"comment_status":"closed","ping_status":"closed","sticky":false,"template":"","format":"standard","meta":{"footnotes":""},"categories":[26],"tags":[],"_links":{"self":[{"href":"https:\/\/stemarie-derval.fr\/index.php?rest_route=\/wp\/v2\/posts\/3053"}],"collection":[{"href":"https:\/\/stemarie-derval.fr\/index.php?rest_route=\/wp\/v2\/posts"}],"about":[{"href":"https:\/\/stemarie-derval.fr\/index.php?rest_route=\/wp\/v2\/types\/post"}],"author":[{"embeddable":true,"href":"https:\/\/stemarie-derval.fr\/index.php?rest_route=\/wp\/v2\/users\/2"}],"replies":[{"embeddable":true,"href":"https:\/\/stemarie-derval.fr\/index.php?rest_route=%2Fwp%2Fv2%2Fcomments&post=3053"}],"version-history":[{"count":0,"href":"https:\/\/stemarie-derval.fr\/index.php?rest_route=\/wp\/v2\/posts\/3053\/revisions"}],"wp:attachment":[{"href":"https:\/\/stemarie-derval.fr\/index.php?rest_route=%2Fwp%2Fv2%2Fmedia&parent=3053"}],"wp:term":[{"taxonomy":"category","embeddable":true,"href":"https:\/\/stemarie-derval.fr\/index.php?rest_route=%2Fwp%2Fv2%2Fcategories&post=3053"},{"taxonomy":"post_tag","embeddable":true,"href":"https:\/\/stemarie-derval.fr\/index.php?rest_route=%2Fwp%2Fv2%2Ftags&post=3053"}],"curies":[{"name":"wp","href":"https:\/\/api.w.org\/{rel}","templated":true}]}}