{"id":3062,"date":"2018-10-11T19:50:44","date_gmt":"2018-10-11T17:50:44","guid":{"rendered":"https:\/\/stemarie-derval.fr\/?p=3062"},"modified":"2018-10-11T19:50:44","modified_gmt":"2018-10-11T17:50:44","slug":"le-concert-philharmonique","status":"publish","type":"post","link":"https:\/\/stemarie-derval.fr\/?p=3062","title":{"rendered":"Le concert philharmonique"},"content":{"rendered":"<p>Nous avons eu la chance d&rsquo;assister \u00e0 un concert philharmonique; \u00e0 la salle des f\u00eates de Derval.<\/p>\n<p>Il s&rsquo;agissait d&rsquo;un concert-lecture. En plus d&rsquo;\u00e9couter des extraits de symphonies de Beethoven et d&rsquo;apprendre des choses sur sa vie, nous avons \u00e9galement eu une pr\u00e9sentation de chaque instrument de l&rsquo;orchestre. Nous avons appris beaucoup de choses.<\/p>\n<p>Pour cl\u00f4turer ce concert, nous avons chant\u00e9 tous ensemble l&rsquo;hymne \u00e0 la joie, qui est aussi l&rsquo;hymne europ\u00e9en.<\/p>\n<p><iframe loading=\"lazy\" title=\"MOV 0963\" width=\"1170\" height=\"658\" src=\"https:\/\/www.youtube.com\/embed\/MQxRBEsOWdo?feature=oembed\" frameborder=\"0\" allow=\"accelerometer; autoplay; encrypted-media; gyroscope; picture-in-picture\" allowfullscreen><\/iframe><\/p>\n","protected":false},"excerpt":{"rendered":"<p>Nous avons eu la chance d&rsquo;assister \u00e0 un concert philharmonique; \u00e0 la salle des f\u00eates de Derval. Il s&rsquo;agissait d&rsquo;un concert-lecture. En plus d&rsquo;\u00e9couter des extraits de symphonies de Beethoven et d&rsquo;apprendre des choses sur sa vie, nous avons \u00e9galement eu une pr\u00e9sentation de chaque instrument de l&rsquo;orchestre. Nous avons appris beaucoup de choses. Pour<\/p>\n<p><a href=\"https:\/\/stemarie-derval.fr\/?p=3062\" class=\"more-link themebutton\">Lire la suite<\/a><\/p>\n","protected":false},"author":9,"featured_media":0,"comment_status":"closed","ping_status":"closed","sticky":false,"template":"","format":"standard","meta":{"footnotes":""},"categories":[7],"tags":[],"_links":{"self":[{"href":"https:\/\/stemarie-derval.fr\/index.php?rest_route=\/wp\/v2\/posts\/3062"}],"collection":[{"href":"https:\/\/stemarie-derval.fr\/index.php?rest_route=\/wp\/v2\/posts"}],"about":[{"href":"https:\/\/stemarie-derval.fr\/index.php?rest_route=\/wp\/v2\/types\/post"}],"author":[{"embeddable":true,"href":"https:\/\/stemarie-derval.fr\/index.php?rest_route=\/wp\/v2\/users\/9"}],"replies":[{"embeddable":true,"href":"https:\/\/stemarie-derval.fr\/index.php?rest_route=%2Fwp%2Fv2%2Fcomments&post=3062"}],"version-history":[{"count":0,"href":"https:\/\/stemarie-derval.fr\/index.php?rest_route=\/wp\/v2\/posts\/3062\/revisions"}],"wp:attachment":[{"href":"https:\/\/stemarie-derval.fr\/index.php?rest_route=%2Fwp%2Fv2%2Fmedia&parent=3062"}],"wp:term":[{"taxonomy":"category","embeddable":true,"href":"https:\/\/stemarie-derval.fr\/index.php?rest_route=%2Fwp%2Fv2%2Fcategories&post=3062"},{"taxonomy":"post_tag","embeddable":true,"href":"https:\/\/stemarie-derval.fr\/index.php?rest_route=%2Fwp%2Fv2%2Ftags&post=3062"}],"curies":[{"name":"wp","href":"https:\/\/api.w.org\/{rel}","templated":true}]}}