{"id":3067,"date":"2018-10-11T20:21:53","date_gmt":"2018-10-11T18:21:53","guid":{"rendered":"https:\/\/stemarie-derval.fr\/?p=3067"},"modified":"2018-10-11T20:21:53","modified_gmt":"2018-10-11T18:21:53","slug":"la-semaine-du-gout-2","status":"publish","type":"post","link":"https:\/\/stemarie-derval.fr\/?p=3067","title":{"rendered":"La semaine du gout"},"content":{"rendered":"<p>Pour la semaine du go\u00fbt, nous avons organis\u00e9 un petit d\u00e9jeuner que nous avons partag\u00e9 avec les \u00e9l\u00e8ves de la classe de B\u00e9n\u00e9dicte. Des jeunes du lyc\u00e9e agricole \u00e9taient pr\u00e9sents \u00e9galement pour nous aider \u00e0 l&rsquo;organisation.<\/p>\n<p>Chacun avait amen\u00e9 son bol et des c\u00e9r\u00e9ales, du pain, du lait, du jus de fruits&#8230; Nous avions aussi demand\u00e9 plusieurs vari\u00e9t\u00e9s de confiture et nous avons r\u00e9cup\u00e9r\u00e9 beaucoup (vraiment beaucoup!) de pots avec des go\u00fbts diff\u00e9rents. Chaque journ\u00e9e cette semaine s&rsquo;est donc termin\u00e9e par une d\u00e9gustation de diff\u00e9rentes confitures sur des petites tartines de pain. Nous avons test\u00e9 la confiture de melon, de raisin, de kiwi, de sureau, de coing, &#8230; de belles d\u00e9couvertes pour beaucoup d&rsquo;entre nous!<\/p>\n<p>Nous en profitons pour remercier les parents et grands parents qui nous ont permis de d\u00e9couvrir toutes ces saveurs.<\/p>\n<p><a href=\"https:\/\/stemarie-derval.fr\/wp-content\/uploads\/2018\/10\/DSC_00202.jpg\"><img loading=\"lazy\" decoding=\"async\" class=\"aligncenter size-large wp-image-3068\" src=\"https:\/\/stemarie-derval.fr\/wp-content\/uploads\/2018\/10\/DSC_00202-1024x578.jpg\" alt=\"\" width=\"960\" height=\"542\" srcset=\"https:\/\/stemarie-derval.fr\/wp-content\/uploads\/2018\/10\/DSC_00202-1024x578.jpg 1024w, https:\/\/stemarie-derval.fr\/wp-content\/uploads\/2018\/10\/DSC_00202-300x169.jpg 300w, https:\/\/stemarie-derval.fr\/wp-content\/uploads\/2018\/10\/DSC_00202-768x433.jpg 768w, https:\/\/stemarie-derval.fr\/wp-content\/uploads\/2018\/10\/DSC_00202.jpg 2048w\" sizes=\"(max-width: 960px) 100vw, 960px\" \/><\/a><\/p>\n<p>&nbsp;<\/p>\n","protected":false},"excerpt":{"rendered":"<p>Pour la semaine du go\u00fbt, nous avons organis\u00e9 un petit d\u00e9jeuner que nous avons partag\u00e9 avec les \u00e9l\u00e8ves de la classe de B\u00e9n\u00e9dicte. Des jeunes du lyc\u00e9e agricole \u00e9taient pr\u00e9sents \u00e9galement pour nous aider \u00e0 l&rsquo;organisation. Chacun avait amen\u00e9 son bol et des c\u00e9r\u00e9ales, du pain, du lait, du jus de fruits&#8230; Nous avions aussi<\/p>\n<p><a href=\"https:\/\/stemarie-derval.fr\/?p=3067\" class=\"more-link themebutton\">Lire la suite<\/a><\/p>\n","protected":false},"author":9,"featured_media":0,"comment_status":"closed","ping_status":"closed","sticky":false,"template":"","format":"standard","meta":{"footnotes":""},"categories":[7],"tags":[],"_links":{"self":[{"href":"https:\/\/stemarie-derval.fr\/index.php?rest_route=\/wp\/v2\/posts\/3067"}],"collection":[{"href":"https:\/\/stemarie-derval.fr\/index.php?rest_route=\/wp\/v2\/posts"}],"about":[{"href":"https:\/\/stemarie-derval.fr\/index.php?rest_route=\/wp\/v2\/types\/post"}],"author":[{"embeddable":true,"href":"https:\/\/stemarie-derval.fr\/index.php?rest_route=\/wp\/v2\/users\/9"}],"replies":[{"embeddable":true,"href":"https:\/\/stemarie-derval.fr\/index.php?rest_route=%2Fwp%2Fv2%2Fcomments&post=3067"}],"version-history":[{"count":0,"href":"https:\/\/stemarie-derval.fr\/index.php?rest_route=\/wp\/v2\/posts\/3067\/revisions"}],"wp:attachment":[{"href":"https:\/\/stemarie-derval.fr\/index.php?rest_route=%2Fwp%2Fv2%2Fmedia&parent=3067"}],"wp:term":[{"taxonomy":"category","embeddable":true,"href":"https:\/\/stemarie-derval.fr\/index.php?rest_route=%2Fwp%2Fv2%2Fcategories&post=3067"},{"taxonomy":"post_tag","embeddable":true,"href":"https:\/\/stemarie-derval.fr\/index.php?rest_route=%2Fwp%2Fv2%2Ftags&post=3067"}],"curies":[{"name":"wp","href":"https:\/\/api.w.org\/{rel}","templated":true}]}}