{"id":3070,"date":"2018-10-11T20:39:25","date_gmt":"2018-10-11T18:39:25","guid":{"rendered":"https:\/\/stemarie-derval.fr\/?p=3070"},"modified":"2018-10-11T20:39:25","modified_gmt":"2018-10-11T18:39:25","slug":"le-festival-graines-dautomne","status":"publish","type":"post","link":"https:\/\/stemarie-derval.fr\/?p=3070","title":{"rendered":"Le festival graines d&rsquo;automne"},"content":{"rendered":"<p>Le festival Graines d&rsquo;Automne commence bient\u00f4t et notre classe y participera de deux mani\u00e8res :<\/p>\n<ul>\n<li>nous r\u00e9alisons une \u0153uvre collective sur le th\u00e8me des pirates qui servira \u00e0 d\u00e9corer le site du festival. N&rsquo;h\u00e9sitez pas \u00e0 aller sur le site lors du week-end collectif pour voir notre production !<\/li>\n<li>nous apprenons deux chants qui seront interpr\u00e9t\u00e9s par G\u00e9rard Delahaye lors de son concert \u00ab\u00a0hip hip hip pirates\u00a0\u00bb qui aura lieu le samedi 20 octobre \u00e0 partir de 17h30 \u00e0 Puceul. Pour vous entrainer, voici les liens vers les deux chansons que nous apprenons. N&rsquo;h\u00e9sitez pas \u00e0 aller au concert pour chanter avec l&rsquo;artiste !<\/li>\n<\/ul>\n<p>&nbsp;<\/p>\n<p>La mer, G\u00e9rard Delahaye<\/p>\n<!--[if lt IE 9]><script>document.createElement('audio');<\/script><![endif]-->\n<audio class=\"wp-audio-shortcode\" id=\"audio-3070-1\" preload=\"none\" style=\"width: 100%;\" controls=\"controls\"><source type=\"audio\/mpeg\" src=\"https:\/\/stemarie-derval.fr\/wp-content\/uploads\/2018\/10\/G\u00e9rard-Delahaye-La-mer.mp3?_=1\" \/><a href=\"https:\/\/stemarie-derval.fr\/wp-content\/uploads\/2018\/10\/G\u00e9rard-Delahaye-La-mer.mp3\">https:\/\/stemarie-derval.fr\/wp-content\/uploads\/2018\/10\/G\u00e9rard-Delahaye-La-mer.mp3<\/a><\/audio>\n<p>&nbsp;<\/p>\n<p>Voila les pirates, G\u00e9rard Delahaye<\/p>\n<audio class=\"wp-audio-shortcode\" id=\"audio-3070-2\" preload=\"none\" style=\"width: 100%;\" controls=\"controls\"><source type=\"audio\/mpeg\" src=\"https:\/\/stemarie-derval.fr\/wp-content\/uploads\/2018\/10\/G\u00e9rard-Delahaye-Voil\u00e0-les-pirates-Clip-Officiel.mp3?_=2\" \/><a href=\"https:\/\/stemarie-derval.fr\/wp-content\/uploads\/2018\/10\/G\u00e9rard-Delahaye-Voil\u00e0-les-pirates-Clip-Officiel.mp3\">https:\/\/stemarie-derval.fr\/wp-content\/uploads\/2018\/10\/G\u00e9rard-Delahaye-Voil\u00e0-les-pirates-Clip-Officiel.mp3<\/a><\/audio>\n","protected":false},"excerpt":{"rendered":"<p>Le festival Graines d&rsquo;Automne commence bient\u00f4t et notre classe y participera de deux mani\u00e8res : nous r\u00e9alisons une \u0153uvre collective sur le th\u00e8me des pirates qui servira \u00e0 d\u00e9corer le site du festival. N&rsquo;h\u00e9sitez pas \u00e0 aller sur le site lors du week-end collectif pour voir notre production ! nous apprenons deux chants qui seront<\/p>\n<p><a href=\"https:\/\/stemarie-derval.fr\/?p=3070\" class=\"more-link themebutton\">Lire la suite<\/a><\/p>\n","protected":false},"author":9,"featured_media":0,"comment_status":"closed","ping_status":"closed","sticky":false,"template":"","format":"standard","meta":{"footnotes":""},"categories":[7,11],"tags":[],"_links":{"self":[{"href":"https:\/\/stemarie-derval.fr\/index.php?rest_route=\/wp\/v2\/posts\/3070"}],"collection":[{"href":"https:\/\/stemarie-derval.fr\/index.php?rest_route=\/wp\/v2\/posts"}],"about":[{"href":"https:\/\/stemarie-derval.fr\/index.php?rest_route=\/wp\/v2\/types\/post"}],"author":[{"embeddable":true,"href":"https:\/\/stemarie-derval.fr\/index.php?rest_route=\/wp\/v2\/users\/9"}],"replies":[{"embeddable":true,"href":"https:\/\/stemarie-derval.fr\/index.php?rest_route=%2Fwp%2Fv2%2Fcomments&post=3070"}],"version-history":[{"count":0,"href":"https:\/\/stemarie-derval.fr\/index.php?rest_route=\/wp\/v2\/posts\/3070\/revisions"}],"wp:attachment":[{"href":"https:\/\/stemarie-derval.fr\/index.php?rest_route=%2Fwp%2Fv2%2Fmedia&parent=3070"}],"wp:term":[{"taxonomy":"category","embeddable":true,"href":"https:\/\/stemarie-derval.fr\/index.php?rest_route=%2Fwp%2Fv2%2Fcategories&post=3070"},{"taxonomy":"post_tag","embeddable":true,"href":"https:\/\/stemarie-derval.fr\/index.php?rest_route=%2Fwp%2Fv2%2Ftags&post=3070"}],"curies":[{"name":"wp","href":"https:\/\/api.w.org\/{rel}","templated":true}]}}