{"id":3083,"date":"2018-10-12T18:35:56","date_gmt":"2018-10-12T16:35:56","guid":{"rendered":"https:\/\/stemarie-derval.fr\/?p=3083"},"modified":"2018-10-12T18:35:56","modified_gmt":"2018-10-12T16:35:56","slug":"election-des-delegues-2","status":"publish","type":"post","link":"https:\/\/stemarie-derval.fr\/?p=3083","title":{"rendered":"\u00c9lection des d\u00e9l\u00e9gu\u00e9s"},"content":{"rendered":"<p>Les \u00e9l\u00e8ves qui ont souhait\u00e9 se pr\u00e9senter aux \u00e9lections des d\u00e9l\u00e9gu\u00e9s ont r\u00e9alis\u00e9 une affiche.<\/p>\n<p>Nous les avons \u00e9cout\u00e9s tour \u00e0 tour, puis nous avons proc\u00e9d\u00e9 au vote.<\/p>\n<p>Lorenzo a \u00e9t\u00e9 \u00e9lu pour le groupe des Cm1 et Charly et Fanchon se sont trouv\u00e9s ex aequo. Nous avons donc d\u00e9cid\u00e9 de les garder tous les deux, ils se partageront le mandat !<\/p>\n<p>Marion et Kim ont \u00e9t\u00e9 \u00e9lus suppl\u00e9ants.<\/p>\n<p><a href=\"https:\/\/stemarie-derval.fr\/wp-content\/uploads\/2018\/10\/DSCN4100.jpg\"><img loading=\"lazy\" decoding=\"async\" class=\"alignright size-medium wp-image-3091\" src=\"https:\/\/stemarie-derval.fr\/wp-content\/uploads\/2018\/10\/DSCN4100-300x225.jpg\" alt=\"\" width=\"300\" height=\"225\" srcset=\"https:\/\/stemarie-derval.fr\/wp-content\/uploads\/2018\/10\/DSCN4100-300x225.jpg 300w, https:\/\/stemarie-derval.fr\/wp-content\/uploads\/2018\/10\/DSCN4100-768x576.jpg 768w, https:\/\/stemarie-derval.fr\/wp-content\/uploads\/2018\/10\/DSCN4100-1024x768.jpg 1024w, https:\/\/stemarie-derval.fr\/wp-content\/uploads\/2018\/10\/DSCN4100.jpg 2048w\" sizes=\"(max-width: 300px) 100vw, 300px\" \/><\/a> <a href=\"https:\/\/stemarie-derval.fr\/wp-content\/uploads\/2018\/10\/DSCN4102.jpg\"><img loading=\"lazy\" decoding=\"async\" class=\"alignright size-medium wp-image-3092\" src=\"https:\/\/stemarie-derval.fr\/wp-content\/uploads\/2018\/10\/DSCN4102-300x225.jpg\" alt=\"\" width=\"300\" height=\"225\" srcset=\"https:\/\/stemarie-derval.fr\/wp-content\/uploads\/2018\/10\/DSCN4102-300x225.jpg 300w, https:\/\/stemarie-derval.fr\/wp-content\/uploads\/2018\/10\/DSCN4102-768x576.jpg 768w, https:\/\/stemarie-derval.fr\/wp-content\/uploads\/2018\/10\/DSCN4102-1024x768.jpg 1024w, https:\/\/stemarie-derval.fr\/wp-content\/uploads\/2018\/10\/DSCN4102.jpg 2048w\" sizes=\"(max-width: 300px) 100vw, 300px\" \/><\/a> <a href=\"https:\/\/stemarie-derval.fr\/wp-content\/uploads\/2018\/10\/DSCN4103.jpg\"><img loading=\"lazy\" decoding=\"async\" class=\"alignright size-medium wp-image-3093\" src=\"https:\/\/stemarie-derval.fr\/wp-content\/uploads\/2018\/10\/DSCN4103-300x225.jpg\" alt=\"\" width=\"300\" height=\"225\" srcset=\"https:\/\/stemarie-derval.fr\/wp-content\/uploads\/2018\/10\/DSCN4103-300x225.jpg 300w, https:\/\/stemarie-derval.fr\/wp-content\/uploads\/2018\/10\/DSCN4103-768x576.jpg 768w, https:\/\/stemarie-derval.fr\/wp-content\/uploads\/2018\/10\/DSCN4103-1024x768.jpg 1024w, https:\/\/stemarie-derval.fr\/wp-content\/uploads\/2018\/10\/DSCN4103.jpg 2048w\" sizes=\"(max-width: 300px) 100vw, 300px\" \/><\/a><\/p>\n<p>&nbsp;<\/p>\n","protected":false},"excerpt":{"rendered":"<p>Les \u00e9l\u00e8ves qui ont souhait\u00e9 se pr\u00e9senter aux \u00e9lections des d\u00e9l\u00e9gu\u00e9s ont r\u00e9alis\u00e9 une affiche. Nous les avons \u00e9cout\u00e9s tour \u00e0 tour, puis nous avons proc\u00e9d\u00e9 au vote. Lorenzo a \u00e9t\u00e9 \u00e9lu pour le groupe des Cm1 et Charly et Fanchon se sont trouv\u00e9s ex aequo. Nous avons donc d\u00e9cid\u00e9 de les garder tous les<\/p>\n<p><a href=\"https:\/\/stemarie-derval.fr\/?p=3083\" class=\"more-link themebutton\">Lire la suite<\/a><\/p>\n","protected":false},"author":10,"featured_media":0,"comment_status":"closed","ping_status":"closed","sticky":false,"template":"","format":"standard","meta":{"footnotes":""},"categories":[5],"tags":[],"_links":{"self":[{"href":"https:\/\/stemarie-derval.fr\/index.php?rest_route=\/wp\/v2\/posts\/3083"}],"collection":[{"href":"https:\/\/stemarie-derval.fr\/index.php?rest_route=\/wp\/v2\/posts"}],"about":[{"href":"https:\/\/stemarie-derval.fr\/index.php?rest_route=\/wp\/v2\/types\/post"}],"author":[{"embeddable":true,"href":"https:\/\/stemarie-derval.fr\/index.php?rest_route=\/wp\/v2\/users\/10"}],"replies":[{"embeddable":true,"href":"https:\/\/stemarie-derval.fr\/index.php?rest_route=%2Fwp%2Fv2%2Fcomments&post=3083"}],"version-history":[{"count":0,"href":"https:\/\/stemarie-derval.fr\/index.php?rest_route=\/wp\/v2\/posts\/3083\/revisions"}],"wp:attachment":[{"href":"https:\/\/stemarie-derval.fr\/index.php?rest_route=%2Fwp%2Fv2%2Fmedia&parent=3083"}],"wp:term":[{"taxonomy":"category","embeddable":true,"href":"https:\/\/stemarie-derval.fr\/index.php?rest_route=%2Fwp%2Fv2%2Fcategories&post=3083"},{"taxonomy":"post_tag","embeddable":true,"href":"https:\/\/stemarie-derval.fr\/index.php?rest_route=%2Fwp%2Fv2%2Ftags&post=3083"}],"curies":[{"name":"wp","href":"https:\/\/api.w.org\/{rel}","templated":true}]}}