{"id":3100,"date":"2018-10-17T15:32:07","date_gmt":"2018-10-17T13:32:07","guid":{"rendered":"https:\/\/stemarie-derval.fr\/?p=3100"},"modified":"2018-10-17T15:32:07","modified_gmt":"2018-10-17T13:32:07","slug":"concert-lecture-philharmonie-des-2-mondes","status":"publish","type":"post","link":"https:\/\/stemarie-derval.fr\/?p=3100","title":{"rendered":"Concert-lecture \u00ab\u00a0Philharmonie des 2 mondes\u00a0\u00bb"},"content":{"rendered":"<p>Le 5 novembre, les \u00e9l\u00e8ves du CP au CM2 ont eu la chance d&rsquo;assister \u00e0 un concert de musique classique, organis\u00e9 par l&rsquo;ADMR, dans le cadre de la semaine interg\u00e9n\u00e9rationnelle.<\/p>\n<p>Ils ont pu, apr\u00e8s s&rsquo;\u00eatre bien pr\u00e9par\u00e9 en classe, interpr\u00e9ter \u00ab\u00a0L&rsquo;Hymne \u00e0 la joie\u00a0\u00bb, accompagn\u00e9s par l&rsquo;orchestre symphonique \u00ab\u00a0La Philharmonie des 2 mondes\u00a0\u00bb.<\/p>\n<p>Instants magiques !<\/p>\n<p><iframe loading=\"lazy\" title=\"Derval : 40 musiciens pour pr\u00e9senter Beethoven aux enfants\" width=\"1170\" height=\"658\" src=\"https:\/\/www.youtube.com\/embed\/gGQbNneMyps?feature=oembed\" frameborder=\"0\" allow=\"accelerometer; autoplay; encrypted-media; gyroscope; picture-in-picture\" allowfullscreen><\/iframe><\/p>\n<p>&nbsp;<\/p>\n","protected":false},"excerpt":{"rendered":"<p>Le 5 novembre, les \u00e9l\u00e8ves du CP au CM2 ont eu la chance d&rsquo;assister \u00e0 un concert de musique classique, organis\u00e9 par l&rsquo;ADMR, dans le cadre de la semaine interg\u00e9n\u00e9rationnelle. Ils ont pu, apr\u00e8s s&rsquo;\u00eatre bien pr\u00e9par\u00e9 en classe, interpr\u00e9ter \u00ab\u00a0L&rsquo;Hymne \u00e0 la joie\u00a0\u00bb, accompagn\u00e9s par l&rsquo;orchestre symphonique \u00ab\u00a0La Philharmonie des 2 mondes\u00a0\u00bb. Instants magiques<\/p>\n<p><a href=\"https:\/\/stemarie-derval.fr\/?p=3100\" class=\"more-link themebutton\">Lire la suite<\/a><\/p>\n","protected":false},"author":2,"featured_media":0,"comment_status":"closed","ping_status":"closed","sticky":false,"template":"","format":"standard","meta":{"footnotes":""},"categories":[26],"tags":[],"_links":{"self":[{"href":"https:\/\/stemarie-derval.fr\/index.php?rest_route=\/wp\/v2\/posts\/3100"}],"collection":[{"href":"https:\/\/stemarie-derval.fr\/index.php?rest_route=\/wp\/v2\/posts"}],"about":[{"href":"https:\/\/stemarie-derval.fr\/index.php?rest_route=\/wp\/v2\/types\/post"}],"author":[{"embeddable":true,"href":"https:\/\/stemarie-derval.fr\/index.php?rest_route=\/wp\/v2\/users\/2"}],"replies":[{"embeddable":true,"href":"https:\/\/stemarie-derval.fr\/index.php?rest_route=%2Fwp%2Fv2%2Fcomments&post=3100"}],"version-history":[{"count":0,"href":"https:\/\/stemarie-derval.fr\/index.php?rest_route=\/wp\/v2\/posts\/3100\/revisions"}],"wp:attachment":[{"href":"https:\/\/stemarie-derval.fr\/index.php?rest_route=%2Fwp%2Fv2%2Fmedia&parent=3100"}],"wp:term":[{"taxonomy":"category","embeddable":true,"href":"https:\/\/stemarie-derval.fr\/index.php?rest_route=%2Fwp%2Fv2%2Fcategories&post=3100"},{"taxonomy":"post_tag","embeddable":true,"href":"https:\/\/stemarie-derval.fr\/index.php?rest_route=%2Fwp%2Fv2%2Ftags&post=3100"}],"curies":[{"name":"wp","href":"https:\/\/api.w.org\/{rel}","templated":true}]}}