{"id":3108,"date":"2018-10-30T16:30:53","date_gmt":"2018-10-30T15:30:53","guid":{"rendered":"https:\/\/stemarie-derval.fr\/?p=3108"},"modified":"2018-10-30T16:30:53","modified_gmt":"2018-10-30T15:30:53","slug":"semaine-du-gout-2","status":"publish","type":"post","link":"https:\/\/stemarie-derval.fr\/?p=3108","title":{"rendered":"Semaine du go\u00fbt"},"content":{"rendered":"<p>Dans le cadre de la semaine du go\u00fbt, les \u00e9l\u00e8ves de la classe de CE2 et ceux de CM1-CM2 se sont m\u00e9lang\u00e9s pour r\u00e9aliser des ateliers de cuisine.<\/p>\n<p>Le th\u00e8me \u00e9tait \u00ab\u00a0Les g\u00e2teaux aux l\u00e9gumes\u00a0\u00bb! Ils ont donc r\u00e9alis\u00e9 un g\u00e2teau courgette chocolat et un cake courge butternut, noix et chocolat.<\/p>\n<p>Le lendemain, les \u00e9l\u00e8ves se sont r\u00e9unis pour la d\u00e9gustation. Ils ont pr\u00e9f\u00e9r\u00e9 le g\u00e2teau courgette chocolat:<\/p>\n<p><em>\u00ab\u00a0On n&rsquo;a pas senti le go\u00fbt de la courgette et le g\u00e2teau \u00e9tait moelleux.\u00a0\u00bb<\/em> <em>(Marion, CM2)<\/em><\/p>\n<p>[ngg src=\u00a0\u00bbgalleries\u00a0\u00bb ids=\u00a0\u00bb120&Prime; display=\u00a0\u00bbbasic_slideshow\u00a0\u00bb]<\/p>\n","protected":false},"excerpt":{"rendered":"<p>Dans le cadre de la semaine du go\u00fbt, les \u00e9l\u00e8ves de la classe de CE2 et ceux de CM1-CM2 se sont m\u00e9lang\u00e9s pour r\u00e9aliser des ateliers de cuisine. Le th\u00e8me \u00e9tait \u00ab\u00a0Les g\u00e2teaux aux l\u00e9gumes\u00a0\u00bb! Ils ont donc r\u00e9alis\u00e9 un g\u00e2teau courgette chocolat et un cake courge butternut, noix et chocolat. Le lendemain, les \u00e9l\u00e8ves<\/p>\n<p><a href=\"https:\/\/stemarie-derval.fr\/?p=3108\" class=\"more-link themebutton\">Lire la suite<\/a><\/p>\n","protected":false},"author":10,"featured_media":0,"comment_status":"closed","ping_status":"closed","sticky":false,"template":"","format":"standard","meta":{"footnotes":""},"categories":[6,5],"tags":[],"_links":{"self":[{"href":"https:\/\/stemarie-derval.fr\/index.php?rest_route=\/wp\/v2\/posts\/3108"}],"collection":[{"href":"https:\/\/stemarie-derval.fr\/index.php?rest_route=\/wp\/v2\/posts"}],"about":[{"href":"https:\/\/stemarie-derval.fr\/index.php?rest_route=\/wp\/v2\/types\/post"}],"author":[{"embeddable":true,"href":"https:\/\/stemarie-derval.fr\/index.php?rest_route=\/wp\/v2\/users\/10"}],"replies":[{"embeddable":true,"href":"https:\/\/stemarie-derval.fr\/index.php?rest_route=%2Fwp%2Fv2%2Fcomments&post=3108"}],"version-history":[{"count":0,"href":"https:\/\/stemarie-derval.fr\/index.php?rest_route=\/wp\/v2\/posts\/3108\/revisions"}],"wp:attachment":[{"href":"https:\/\/stemarie-derval.fr\/index.php?rest_route=%2Fwp%2Fv2%2Fmedia&parent=3108"}],"wp:term":[{"taxonomy":"category","embeddable":true,"href":"https:\/\/stemarie-derval.fr\/index.php?rest_route=%2Fwp%2Fv2%2Fcategories&post=3108"},{"taxonomy":"post_tag","embeddable":true,"href":"https:\/\/stemarie-derval.fr\/index.php?rest_route=%2Fwp%2Fv2%2Ftags&post=3108"}],"curies":[{"name":"wp","href":"https:\/\/api.w.org\/{rel}","templated":true}]}}