{"id":3172,"date":"2018-10-05T16:48:46","date_gmt":"2018-10-05T14:48:46","guid":{"rendered":"https:\/\/stemarie-derval.fr\/?p=3172"},"modified":"2018-12-21T15:20:36","modified_gmt":"2018-12-21T14:20:36","slug":"concert-philharmonique-a-derval","status":"publish","type":"post","link":"https:\/\/stemarie-derval.fr\/?p=3172","title":{"rendered":"Concert philharmonique \u00e0 Derval"},"content":{"rendered":"<p>Nous avons eu le plaisir de chanter avec tous les \u00e9l\u00e8ves de l&rsquo;\u00e9cole primaire l&rsquo; Hymne Europ\u00e9en&nbsp; avec l&rsquo;orchestre philharmonique des deux mondes.<\/p>\n<p>Philippe le chef d orchestre est venu nous expliquer toutes les familles d&rsquo;instruments.<\/p>\n<p>Les musiciens nous ont pr\u00e9sent\u00e9s tous leurs instruments. On nous a aussi appris des choses sur les symphonies de Beethoven.<\/p>\n<p>&nbsp;<\/p>\n<p>&nbsp;<\/p>\n<p>&nbsp;<\/p>\n<p>&nbsp;<\/p>\n<p><a href=\"https:\/\/www.youtube.com\/watch?v=K5S260liWHY&amp;feature=youtu.be\">https:\/\/www.youtube.com\/watch?v=K5S260liWHY&amp;feature=youtu.be<\/a><\/p>\n","protected":false},"excerpt":{"rendered":"<p>Nous avons eu le plaisir de chanter avec tous les \u00e9l\u00e8ves de l&rsquo;\u00e9cole primaire l&rsquo; Hymne Europ\u00e9en&nbsp; avec l&rsquo;orchestre philharmonique des deux mondes. Philippe le chef d orchestre est venu nous expliquer toutes les familles d&rsquo;instruments. Les musiciens nous ont pr\u00e9sent\u00e9s tous leurs instruments. On nous a aussi appris des choses sur les symphonies de<\/p>\n<p><a href=\"https:\/\/stemarie-derval.fr\/?p=3172\" class=\"more-link themebutton\">Lire la suite<\/a><\/p>\n","protected":false},"author":5,"featured_media":0,"comment_status":"closed","ping_status":"closed","sticky":false,"template":"","format":"standard","meta":{"footnotes":""},"categories":[11],"tags":[],"_links":{"self":[{"href":"https:\/\/stemarie-derval.fr\/index.php?rest_route=\/wp\/v2\/posts\/3172"}],"collection":[{"href":"https:\/\/stemarie-derval.fr\/index.php?rest_route=\/wp\/v2\/posts"}],"about":[{"href":"https:\/\/stemarie-derval.fr\/index.php?rest_route=\/wp\/v2\/types\/post"}],"author":[{"embeddable":true,"href":"https:\/\/stemarie-derval.fr\/index.php?rest_route=\/wp\/v2\/users\/5"}],"replies":[{"embeddable":true,"href":"https:\/\/stemarie-derval.fr\/index.php?rest_route=%2Fwp%2Fv2%2Fcomments&post=3172"}],"version-history":[{"count":0,"href":"https:\/\/stemarie-derval.fr\/index.php?rest_route=\/wp\/v2\/posts\/3172\/revisions"}],"wp:attachment":[{"href":"https:\/\/stemarie-derval.fr\/index.php?rest_route=%2Fwp%2Fv2%2Fmedia&parent=3172"}],"wp:term":[{"taxonomy":"category","embeddable":true,"href":"https:\/\/stemarie-derval.fr\/index.php?rest_route=%2Fwp%2Fv2%2Fcategories&post=3172"},{"taxonomy":"post_tag","embeddable":true,"href":"https:\/\/stemarie-derval.fr\/index.php?rest_route=%2Fwp%2Fv2%2Ftags&post=3172"}],"curies":[{"name":"wp","href":"https:\/\/api.w.org\/{rel}","templated":true}]}}