{"id":3254,"date":"2018-11-17T17:30:47","date_gmt":"2018-11-17T16:30:47","guid":{"rendered":"https:\/\/stemarie-derval.fr\/?p=3254"},"modified":"2018-11-17T17:30:47","modified_gmt":"2018-11-17T16:30:47","slug":"le-11-novembre","status":"publish","type":"post","link":"https:\/\/stemarie-derval.fr\/?p=3254","title":{"rendered":"Le 11 novembre"},"content":{"rendered":"<p>Au retour du week-end, nous avons expliqu\u00e9 pourquoi le 11 novembre \u00e9tait un jour f\u00e9ri\u00e9. Nous avons \u00e9galement lu des textes documentaires et des textes de litt\u00e9rature sur ce th\u00e8me.<\/p>\n<p>Ensuite, nous sommes all\u00e9s avec la classe d&rsquo;Honorine observer le monument aux morts de Derval.<\/p>\n<p><a href=\"https:\/\/stemarie-derval.fr\/wp-content\/uploads\/2018\/11\/DSC_0224.jpg\"><img loading=\"lazy\" decoding=\"async\" class=\"aligncenter  wp-image-3255\" src=\"https:\/\/stemarie-derval.fr\/wp-content\/uploads\/2018\/11\/DSC_0224-578x1024.jpg\" alt=\"\" width=\"264\" height=\"468\" srcset=\"https:\/\/stemarie-derval.fr\/wp-content\/uploads\/2018\/11\/DSC_0224-578x1024.jpg 578w, https:\/\/stemarie-derval.fr\/wp-content\/uploads\/2018\/11\/DSC_0224-169x300.jpg 169w, https:\/\/stemarie-derval.fr\/wp-content\/uploads\/2018\/11\/DSC_0224-768x1362.jpg 768w, https:\/\/stemarie-derval.fr\/wp-content\/uploads\/2018\/11\/DSC_0224.jpg 1155w\" sizes=\"(max-width: 264px) 100vw, 264px\" \/><\/a><\/p>\n","protected":false},"excerpt":{"rendered":"<p>Au retour du week-end, nous avons expliqu\u00e9 pourquoi le 11 novembre \u00e9tait un jour f\u00e9ri\u00e9. Nous avons \u00e9galement lu des textes documentaires et des textes de litt\u00e9rature sur ce th\u00e8me. Ensuite, nous sommes all\u00e9s avec la classe d&rsquo;Honorine observer le monument aux morts de Derval.<\/p>\n","protected":false},"author":9,"featured_media":0,"comment_status":"closed","ping_status":"closed","sticky":false,"template":"","format":"standard","meta":{"footnotes":""},"categories":[7],"tags":[],"_links":{"self":[{"href":"https:\/\/stemarie-derval.fr\/index.php?rest_route=\/wp\/v2\/posts\/3254"}],"collection":[{"href":"https:\/\/stemarie-derval.fr\/index.php?rest_route=\/wp\/v2\/posts"}],"about":[{"href":"https:\/\/stemarie-derval.fr\/index.php?rest_route=\/wp\/v2\/types\/post"}],"author":[{"embeddable":true,"href":"https:\/\/stemarie-derval.fr\/index.php?rest_route=\/wp\/v2\/users\/9"}],"replies":[{"embeddable":true,"href":"https:\/\/stemarie-derval.fr\/index.php?rest_route=%2Fwp%2Fv2%2Fcomments&post=3254"}],"version-history":[{"count":0,"href":"https:\/\/stemarie-derval.fr\/index.php?rest_route=\/wp\/v2\/posts\/3254\/revisions"}],"wp:attachment":[{"href":"https:\/\/stemarie-derval.fr\/index.php?rest_route=%2Fwp%2Fv2%2Fmedia&parent=3254"}],"wp:term":[{"taxonomy":"category","embeddable":true,"href":"https:\/\/stemarie-derval.fr\/index.php?rest_route=%2Fwp%2Fv2%2Fcategories&post=3254"},{"taxonomy":"post_tag","embeddable":true,"href":"https:\/\/stemarie-derval.fr\/index.php?rest_route=%2Fwp%2Fv2%2Ftags&post=3254"}],"curies":[{"name":"wp","href":"https:\/\/api.w.org\/{rel}","templated":true}]}}