{"id":3258,"date":"2018-11-29T20:13:12","date_gmt":"2018-11-29T19:13:12","guid":{"rendered":"https:\/\/stemarie-derval.fr\/?p=3258"},"modified":"2018-11-29T20:13:12","modified_gmt":"2018-11-29T19:13:12","slug":"trois-minutes-pour-se-laver-les-dents","status":"publish","type":"post","link":"https:\/\/stemarie-derval.fr\/?p=3258","title":{"rendered":"Trois minutes pour se laver les dents"},"content":{"rendered":"<p>Nous avons termin\u00e9 notre chapitre sur les dents, qui nous a permis de r\u00e9pondre \u00e0 beaucoup de questions que nous nous posions.<\/p>\n<ul>\n<li>&nbsp;Comment sont plac\u00e9es nos dents?<\/li>\n<li>&nbsp;Garde t-on nos dents?<\/li>\n<li>&nbsp;Quel est le r\u00f4le des dents?<\/li>\n<li>&nbsp;De quoi sont compos\u00e9es nos dents?<\/li>\n<li>&nbsp;Comment bien prendre soin de nos dents?<\/li>\n<\/ul>\n<p>Pour terminer ce chapitre, nous avons \u00e9cout\u00e9 une chanson qui nous a beaucoup amus\u00e9s. Vous pouvez l&rsquo;\u00e9couter en cliquant sur le lien ci-dessous.<\/p>\n<p>&nbsp;<\/p>\n<!--[if lt IE 9]><script>document.createElement('audio');<\/script><![endif]-->\n<audio class=\"wp-audio-shortcode\" id=\"audio-3258-1\" preload=\"none\" style=\"width: 100%;\" controls=\"controls\"><source type=\"audio\/mpeg\" src=\"https:\/\/stemarie-derval.fr\/wp-content\/uploads\/2018\/11\/groupe-zut-3-minutes-mp3cut.net_.mp3?_=1\" \/><a href=\"https:\/\/stemarie-derval.fr\/wp-content\/uploads\/2018\/11\/groupe-zut-3-minutes-mp3cut.net_.mp3\">https:\/\/stemarie-derval.fr\/wp-content\/uploads\/2018\/11\/groupe-zut-3-minutes-mp3cut.net_.mp3<\/a><\/audio>\n<p>&nbsp;<\/p>\n<p>&nbsp;<\/p>\n<p>&nbsp;<\/p>\n","protected":false},"excerpt":{"rendered":"<p>Nous avons termin\u00e9 notre chapitre sur les dents, qui nous a permis de r\u00e9pondre \u00e0 beaucoup de questions que nous nous posions. &nbsp;Comment sont plac\u00e9es nos dents? &nbsp;Garde t-on nos dents? &nbsp;Quel est le r\u00f4le des dents? &nbsp;De quoi sont compos\u00e9es nos dents? &nbsp;Comment bien prendre soin de nos dents? Pour terminer ce chapitre, nous<\/p>\n<p><a href=\"https:\/\/stemarie-derval.fr\/?p=3258\" class=\"more-link themebutton\">Lire la suite<\/a><\/p>\n","protected":false},"author":9,"featured_media":0,"comment_status":"closed","ping_status":"closed","sticky":false,"template":"","format":"standard","meta":{"footnotes":""},"categories":[7],"tags":[],"_links":{"self":[{"href":"https:\/\/stemarie-derval.fr\/index.php?rest_route=\/wp\/v2\/posts\/3258"}],"collection":[{"href":"https:\/\/stemarie-derval.fr\/index.php?rest_route=\/wp\/v2\/posts"}],"about":[{"href":"https:\/\/stemarie-derval.fr\/index.php?rest_route=\/wp\/v2\/types\/post"}],"author":[{"embeddable":true,"href":"https:\/\/stemarie-derval.fr\/index.php?rest_route=\/wp\/v2\/users\/9"}],"replies":[{"embeddable":true,"href":"https:\/\/stemarie-derval.fr\/index.php?rest_route=%2Fwp%2Fv2%2Fcomments&post=3258"}],"version-history":[{"count":0,"href":"https:\/\/stemarie-derval.fr\/index.php?rest_route=\/wp\/v2\/posts\/3258\/revisions"}],"wp:attachment":[{"href":"https:\/\/stemarie-derval.fr\/index.php?rest_route=%2Fwp%2Fv2%2Fmedia&parent=3258"}],"wp:term":[{"taxonomy":"category","embeddable":true,"href":"https:\/\/stemarie-derval.fr\/index.php?rest_route=%2Fwp%2Fv2%2Fcategories&post=3258"},{"taxonomy":"post_tag","embeddable":true,"href":"https:\/\/stemarie-derval.fr\/index.php?rest_route=%2Fwp%2Fv2%2Ftags&post=3258"}],"curies":[{"name":"wp","href":"https:\/\/api.w.org\/{rel}","templated":true}]}}