{"id":3280,"date":"2018-11-30T15:07:07","date_gmt":"2018-11-30T14:07:07","guid":{"rendered":"https:\/\/stemarie-derval.fr\/?p=3280"},"modified":"2018-11-30T15:43:14","modified_gmt":"2018-11-30T14:43:14","slug":"les-lutins-de-noel","status":"publish","type":"post","link":"https:\/\/stemarie-derval.fr\/?p=3280","title":{"rendered":"Les lutins de No\u00ebl"},"content":{"rendered":"<p>Dans le cadre du march\u00e9 de No\u00ebl de Derval qui se d\u00e9roulera le 1 d\u00e9cembre 2018.<\/p>\n<p>Nous avons fabriquer des cadres et des petits bonnets (portes \u00e9tiquettes, portes photos, marque place &#8230;).<\/p>\n<div id=\"attachment_3281\" style=\"width: 235px\" class=\"wp-caption alignnone\"><a href=\"https:\/\/stemarie-derval.fr\/wp-content\/uploads\/2018\/11\/IMG_20181130_141512.jpg\"><img loading=\"lazy\" decoding=\"async\" aria-describedby=\"caption-attachment-3281\" class=\"size-medium wp-image-3281\" src=\"https:\/\/stemarie-derval.fr\/wp-content\/uploads\/2018\/11\/IMG_20181130_141512-225x300.jpg\" alt=\"\" width=\"225\" height=\"300\" srcset=\"https:\/\/stemarie-derval.fr\/wp-content\/uploads\/2018\/11\/IMG_20181130_141512-225x300.jpg 225w, https:\/\/stemarie-derval.fr\/wp-content\/uploads\/2018\/11\/IMG_20181130_141512-768x1024.jpg 768w, https:\/\/stemarie-derval.fr\/wp-content\/uploads\/2018\/11\/IMG_20181130_141512.jpg 1536w\" sizes=\"(max-width: 225px) 100vw, 225px\" \/><\/a><p id=\"caption-attachment-3281\" class=\"wp-caption-text\">bty<\/p><\/div>\n<div id=\"attachment_3282\" style=\"width: 310px\" class=\"wp-caption alignnone\"><a href=\"https:\/\/stemarie-derval.fr\/wp-content\/uploads\/2018\/11\/IMG_20181130_141804.jpg\"><img loading=\"lazy\" decoding=\"async\" aria-describedby=\"caption-attachment-3282\" class=\"size-medium wp-image-3282\" src=\"https:\/\/stemarie-derval.fr\/wp-content\/uploads\/2018\/11\/IMG_20181130_141804-300x225.jpg\" alt=\"\" width=\"300\" height=\"225\" srcset=\"https:\/\/stemarie-derval.fr\/wp-content\/uploads\/2018\/11\/IMG_20181130_141804-300x225.jpg 300w, https:\/\/stemarie-derval.fr\/wp-content\/uploads\/2018\/11\/IMG_20181130_141804-768x576.jpg 768w, https:\/\/stemarie-derval.fr\/wp-content\/uploads\/2018\/11\/IMG_20181130_141804-1024x768.jpg 1024w, https:\/\/stemarie-derval.fr\/wp-content\/uploads\/2018\/11\/IMG_20181130_141804.jpg 2048w\" sizes=\"(max-width: 300px) 100vw, 300px\" \/><\/a><p id=\"caption-attachment-3282\" class=\"wp-caption-text\">bdr<\/p><\/div>\n<div id=\"attachment_3283\" style=\"width: 235px\" class=\"wp-caption alignnone\"><a href=\"https:\/\/stemarie-derval.fr\/wp-content\/uploads\/2018\/11\/IMG_20181130_141924.jpg\"><img loading=\"lazy\" decoding=\"async\" aria-describedby=\"caption-attachment-3283\" class=\"size-medium wp-image-3283\" src=\"https:\/\/stemarie-derval.fr\/wp-content\/uploads\/2018\/11\/IMG_20181130_141924-225x300.jpg\" alt=\"\" width=\"225\" height=\"300\" srcset=\"https:\/\/stemarie-derval.fr\/wp-content\/uploads\/2018\/11\/IMG_20181130_141924-225x300.jpg 225w, https:\/\/stemarie-derval.fr\/wp-content\/uploads\/2018\/11\/IMG_20181130_141924-768x1024.jpg 768w, https:\/\/stemarie-derval.fr\/wp-content\/uploads\/2018\/11\/IMG_20181130_141924.jpg 1536w\" sizes=\"(max-width: 225px) 100vw, 225px\" \/><\/a><p id=\"caption-attachment-3283\" class=\"wp-caption-text\">bty<\/p><\/div>\n<div id=\"attachment_3288\" style=\"width: 310px\" class=\"wp-caption alignnone\"><a href=\"https:\/\/stemarie-derval.fr\/wp-content\/uploads\/2018\/11\/IMG_20181130_153833.jpg\"><img loading=\"lazy\" decoding=\"async\" aria-describedby=\"caption-attachment-3288\" class=\"size-medium wp-image-3288\" src=\"https:\/\/stemarie-derval.fr\/wp-content\/uploads\/2018\/11\/IMG_20181130_153833-300x155.jpg\" alt=\"\" width=\"300\" height=\"155\" srcset=\"https:\/\/stemarie-derval.fr\/wp-content\/uploads\/2018\/11\/IMG_20181130_153833-300x155.jpg 300w, https:\/\/stemarie-derval.fr\/wp-content\/uploads\/2018\/11\/IMG_20181130_153833-768x397.jpg 768w, https:\/\/stemarie-derval.fr\/wp-content\/uploads\/2018\/11\/IMG_20181130_153833-1024x529.jpg 1024w, https:\/\/stemarie-derval.fr\/wp-content\/uploads\/2018\/11\/IMG_20181130_153833.jpg 2048w\" sizes=\"(max-width: 300px) 100vw, 300px\" \/><\/a><p id=\"caption-attachment-3288\" class=\"wp-caption-text\">bty<\/p><\/div>\n","protected":false},"excerpt":{"rendered":"<p>Dans le cadre du march\u00e9 de No\u00ebl de Derval qui se d\u00e9roulera le 1 d\u00e9cembre 2018. Nous avons fabriquer des cadres et des petits bonnets (portes \u00e9tiquettes, portes photos, marque place &#8230;).<\/p>\n","protected":false},"author":5,"featured_media":0,"comment_status":"closed","ping_status":"closed","sticky":false,"template":"","format":"standard","meta":{"footnotes":""},"categories":[11],"tags":[],"_links":{"self":[{"href":"https:\/\/stemarie-derval.fr\/index.php?rest_route=\/wp\/v2\/posts\/3280"}],"collection":[{"href":"https:\/\/stemarie-derval.fr\/index.php?rest_route=\/wp\/v2\/posts"}],"about":[{"href":"https:\/\/stemarie-derval.fr\/index.php?rest_route=\/wp\/v2\/types\/post"}],"author":[{"embeddable":true,"href":"https:\/\/stemarie-derval.fr\/index.php?rest_route=\/wp\/v2\/users\/5"}],"replies":[{"embeddable":true,"href":"https:\/\/stemarie-derval.fr\/index.php?rest_route=%2Fwp%2Fv2%2Fcomments&post=3280"}],"version-history":[{"count":0,"href":"https:\/\/stemarie-derval.fr\/index.php?rest_route=\/wp\/v2\/posts\/3280\/revisions"}],"wp:attachment":[{"href":"https:\/\/stemarie-derval.fr\/index.php?rest_route=%2Fwp%2Fv2%2Fmedia&parent=3280"}],"wp:term":[{"taxonomy":"category","embeddable":true,"href":"https:\/\/stemarie-derval.fr\/index.php?rest_route=%2Fwp%2Fv2%2Fcategories&post=3280"},{"taxonomy":"post_tag","embeddable":true,"href":"https:\/\/stemarie-derval.fr\/index.php?rest_route=%2Fwp%2Fv2%2Ftags&post=3280"}],"curies":[{"name":"wp","href":"https:\/\/api.w.org\/{rel}","templated":true}]}}