{"id":3292,"date":"2018-12-06T20:46:44","date_gmt":"2018-12-06T19:46:44","guid":{"rendered":"https:\/\/stemarie-derval.fr\/?p=3292"},"modified":"2018-12-06T20:46:44","modified_gmt":"2018-12-06T19:46:44","slug":"projet-arts-plastiques-cycle-3","status":"publish","type":"post","link":"https:\/\/stemarie-derval.fr\/?p=3292","title":{"rendered":"Projet \u00ab\u00a0Arts Plastiques\u00a0\u00bb Cycle 3"},"content":{"rendered":"<p>Notre projet a commenc\u00e9 le 15 novembre. Nous avons rencontr\u00e9 Ga\u00ebl Uttaro, l&rsquo;intervenant. Il expose jusqu&rsquo;au 5 janvier \u00e0 la M\u00e9diath\u00e8que de Derval. Son exposition s&rsquo;intitule \u00ab\u00a0Sliding The Surface\u00a0\u00bb. Elle regroupe plusieurs productions pr\u00e9sent\u00e9es sous la forme d&rsquo;une installation qui invite \u00e0 consid\u00e9rer l&rsquo;art comme un espace \u00e0 exp\u00e9rimenter, o\u00f9 le public a la possibilit\u00e9 d&rsquo;\u00eatre acteur plut\u00f4t que spectateur.<\/p>\n<p>Il intervient dans notre classe sous la forme d&rsquo;ateliers. Le th\u00e8me est LE JEU ET L&rsquo;IMAGE, \u00ab\u00a0le hasard guidera nos choix\u00a0\u00bb.<\/p>\n<p>Lors des deux premiers ateliers, nous avons con\u00e7u un d\u00e9 qui est intervenu dans le choix de nos actions (couper, perforer, faire l&#8217;empreinte, peindre&#8230;) et des figures \u00e0 repr\u00e9senter (carr\u00e9, losange, rectangle&#8230;). Nous avons utilis\u00e9 comme mat\u00e9riel le polyane.<\/p>\n<p>Nous avons \u00e9galement rencontr\u00e9 en classe, une intervenante du FRAC de Carquefou (Fonds R\u00e9gional d&rsquo;Art Contemporain). Elle nous a montr\u00e9 diverses \u0153uvres pour pr\u00e9senter l&rsquo;art contemporain (\u0153uvres de la collection du FRAC, \u0153uvres vid\u00e9os, livres d&rsquo;artistes). Elle nous a fait d\u00e9couvrir une autre artiste qui a travaill\u00e9 \u00e0 partir du polyane: Elsa Tomkowiak. Elle a d&rsquo;ailleurs expos\u00e9 au Th\u00e9\u00e2tre Graslin \u00e0 Nantes.<\/p>\n<p>[ngg src=\u00a0\u00bbgalleries\u00a0\u00bb ids=\u00a0\u00bb122&Prime; display=\u00a0\u00bbbasic_slideshow\u00a0\u00bb]<\/p>\n","protected":false},"excerpt":{"rendered":"<p>Notre projet a commenc\u00e9 le 15 novembre. Nous avons rencontr\u00e9 Ga\u00ebl Uttaro, l&rsquo;intervenant. Il expose jusqu&rsquo;au 5 janvier \u00e0 la M\u00e9diath\u00e8que de Derval. Son exposition s&rsquo;intitule \u00ab\u00a0Sliding The Surface\u00a0\u00bb. Elle regroupe plusieurs productions pr\u00e9sent\u00e9es sous la forme d&rsquo;une installation qui invite \u00e0 consid\u00e9rer l&rsquo;art comme un espace \u00e0 exp\u00e9rimenter, o\u00f9 le public a la possibilit\u00e9<\/p>\n<p><a href=\"https:\/\/stemarie-derval.fr\/?p=3292\" class=\"more-link themebutton\">Lire la suite<\/a><\/p>\n","protected":false},"author":10,"featured_media":0,"comment_status":"closed","ping_status":"closed","sticky":false,"template":"","format":"standard","meta":{"footnotes":""},"categories":[5],"tags":[],"_links":{"self":[{"href":"https:\/\/stemarie-derval.fr\/index.php?rest_route=\/wp\/v2\/posts\/3292"}],"collection":[{"href":"https:\/\/stemarie-derval.fr\/index.php?rest_route=\/wp\/v2\/posts"}],"about":[{"href":"https:\/\/stemarie-derval.fr\/index.php?rest_route=\/wp\/v2\/types\/post"}],"author":[{"embeddable":true,"href":"https:\/\/stemarie-derval.fr\/index.php?rest_route=\/wp\/v2\/users\/10"}],"replies":[{"embeddable":true,"href":"https:\/\/stemarie-derval.fr\/index.php?rest_route=%2Fwp%2Fv2%2Fcomments&post=3292"}],"version-history":[{"count":0,"href":"https:\/\/stemarie-derval.fr\/index.php?rest_route=\/wp\/v2\/posts\/3292\/revisions"}],"wp:attachment":[{"href":"https:\/\/stemarie-derval.fr\/index.php?rest_route=%2Fwp%2Fv2%2Fmedia&parent=3292"}],"wp:term":[{"taxonomy":"category","embeddable":true,"href":"https:\/\/stemarie-derval.fr\/index.php?rest_route=%2Fwp%2Fv2%2Fcategories&post=3292"},{"taxonomy":"post_tag","embeddable":true,"href":"https:\/\/stemarie-derval.fr\/index.php?rest_route=%2Fwp%2Fv2%2Ftags&post=3292"}],"curies":[{"name":"wp","href":"https:\/\/api.w.org\/{rel}","templated":true}]}}