{"id":3336,"date":"2018-12-06T18:50:59","date_gmt":"2018-12-06T17:50:59","guid":{"rendered":"https:\/\/stemarie-derval.fr\/?p=3336"},"modified":"2018-12-09T19:14:38","modified_gmt":"2018-12-09T18:14:38","slug":"visite-de-lexposition-de-lartiste-gael-uttaro","status":"publish","type":"post","link":"https:\/\/stemarie-derval.fr\/?p=3336","title":{"rendered":"Visite de l&rsquo;exposition de l&rsquo;artiste Ga\u00ebl Uttaro"},"content":{"rendered":"<p>Aujourd&rsquo;hui, jeudi 6 d\u00e9cembre, nous avons accompagn\u00e9 la classe de CM1-CM2 \u00e0 la m\u00e9diath\u00e8que pour profiter de la visite de l&rsquo;exposition de Ga\u00ebl Uttaro.&nbsp;<\/p>\n<p>Mr Uttaro est un artiste qui travaille avec la classe de CM1-CM2 en arts visuels autour du th\u00e8me de la transparence notamment.&nbsp;<\/p>\n<p>L&rsquo;artiste lui-m\u00eame nous a expliqu\u00e9 certaines de ces oeuvres : une vid\u00e9o expliquant le reflet, une grande toile faisant intervenir la transparence. Nous avons nous aussi pu \u00e9laborer quelques oeuvres avec des cubes.&nbsp;<\/p>\n<p>Nous avons h\u00e2te de voir l&rsquo;exposition de la classe de CM1-CM2 qui aura lieu en janvier.&nbsp;<\/p>\n<p>N&rsquo;h\u00e9sitez pas \u00e0 aller voir l&rsquo;exposition \u00e0 la m\u00e9diath\u00e8que c&rsquo;est tr\u00e8s int\u00e9ressant.&nbsp;<\/p>\n<p>[ngg src=\u00a0\u00bbgalleries\u00a0\u00bb ids=\u00a0\u00bb124&Prime; display=\u00a0\u00bbbasic_thumbnail\u00a0\u00bb]<\/p>\n<p>&nbsp;<\/p>\n","protected":false},"excerpt":{"rendered":"<p>Aujourd&rsquo;hui, jeudi 6 d\u00e9cembre, nous avons accompagn\u00e9 la classe de CM1-CM2 \u00e0 la m\u00e9diath\u00e8que pour profiter de la visite de l&rsquo;exposition de Ga\u00ebl Uttaro.&nbsp; Mr Uttaro est un artiste qui travaille avec la classe de CM1-CM2 en arts visuels autour du th\u00e8me de la transparence notamment.&nbsp; L&rsquo;artiste lui-m\u00eame nous a expliqu\u00e9 certaines de ces oeuvres<\/p>\n<p><a href=\"https:\/\/stemarie-derval.fr\/?p=3336\" class=\"more-link themebutton\">Lire la suite<\/a><\/p>\n","protected":false},"author":16,"featured_media":0,"comment_status":"closed","ping_status":"closed","sticky":false,"template":"","format":"standard","meta":{"footnotes":""},"categories":[9],"tags":[],"_links":{"self":[{"href":"https:\/\/stemarie-derval.fr\/index.php?rest_route=\/wp\/v2\/posts\/3336"}],"collection":[{"href":"https:\/\/stemarie-derval.fr\/index.php?rest_route=\/wp\/v2\/posts"}],"about":[{"href":"https:\/\/stemarie-derval.fr\/index.php?rest_route=\/wp\/v2\/types\/post"}],"author":[{"embeddable":true,"href":"https:\/\/stemarie-derval.fr\/index.php?rest_route=\/wp\/v2\/users\/16"}],"replies":[{"embeddable":true,"href":"https:\/\/stemarie-derval.fr\/index.php?rest_route=%2Fwp%2Fv2%2Fcomments&post=3336"}],"version-history":[{"count":0,"href":"https:\/\/stemarie-derval.fr\/index.php?rest_route=\/wp\/v2\/posts\/3336\/revisions"}],"wp:attachment":[{"href":"https:\/\/stemarie-derval.fr\/index.php?rest_route=%2Fwp%2Fv2%2Fmedia&parent=3336"}],"wp:term":[{"taxonomy":"category","embeddable":true,"href":"https:\/\/stemarie-derval.fr\/index.php?rest_route=%2Fwp%2Fv2%2Fcategories&post=3336"},{"taxonomy":"post_tag","embeddable":true,"href":"https:\/\/stemarie-derval.fr\/index.php?rest_route=%2Fwp%2Fv2%2Ftags&post=3336"}],"curies":[{"name":"wp","href":"https:\/\/api.w.org\/{rel}","templated":true}]}}