{"id":3409,"date":"2018-12-19T11:04:08","date_gmt":"2018-12-19T10:04:08","guid":{"rendered":"https:\/\/stemarie-derval.fr\/?p=3409"},"modified":"2018-12-19T11:04:08","modified_gmt":"2018-12-19T10:04:08","slug":"temps-fort-de-lavent","status":"publish","type":"post","link":"https:\/\/stemarie-derval.fr\/?p=3409","title":{"rendered":"Temps fort de l&rsquo;Avent"},"content":{"rendered":"<p>Pour pr\u00e9parer No\u00ebl \u00e0 l&rsquo;\u00e9cole, tous les \u00e9l\u00e8ves de l&rsquo;\u00e9cole participeront \u00e0 un temps fort de l&rsquo;Avent, \u00e0 l&rsquo;\u00e9glise, le vendredi 21 d\u00e9cembre. Ce temps de recueillement se fera par petits groupes selon les cr\u00e9neaux suivants :<\/p>\n<p>&#8211; 9h30-10h : PS\/MS et CM2<\/p>\n<p>-10h-10h30 : MS\/GS et CM1\/CM2<\/p>\n<p>-10h45-11h15 : GS\/CP et CE1\/CE2<\/p>\n<p>-11h15\/11h45 : CP\/CE1 et CE2<\/p>\n<p>Les parents qui souhaitent se joindre aux groupes sont les bienvenus !<\/p>\n<p>Voici le chant que les enfants ont appris pour cette occasion :<\/p>\n<!--[if lt IE 9]><script>document.createElement('audio');<\/script><![endif]-->\n<audio class=\"wp-audio-shortcode\" id=\"audio-3409-1\" preload=\"none\" style=\"width: 100%;\" controls=\"controls\"><source type=\"audio\/mpeg\" src=\"https:\/\/stemarie-derval.fr\/wp-content\/uploads\/2018\/12\/mannick-jo-akepsimas-sa-maman-lappelait-jesus.mp3?_=1\" \/><a href=\"https:\/\/stemarie-derval.fr\/wp-content\/uploads\/2018\/12\/mannick-jo-akepsimas-sa-maman-lappelait-jesus.mp3\">https:\/\/stemarie-derval.fr\/wp-content\/uploads\/2018\/12\/mannick-jo-akepsimas-sa-maman-lappelait-jesus.mp3<\/a><\/audio>\n","protected":false},"excerpt":{"rendered":"<p>Pour pr\u00e9parer No\u00ebl \u00e0 l&rsquo;\u00e9cole, tous les \u00e9l\u00e8ves de l&rsquo;\u00e9cole participeront \u00e0 un temps fort de l&rsquo;Avent, \u00e0 l&rsquo;\u00e9glise, le vendredi 21 d\u00e9cembre. Ce temps de recueillement se fera par petits groupes selon les cr\u00e9neaux suivants : &#8211; 9h30-10h : PS\/MS et CM2 -10h-10h30 : MS\/GS et CM1\/CM2 -10h45-11h15 : GS\/CP et CE1\/CE2 -11h15\/11h45 :<\/p>\n<p><a href=\"https:\/\/stemarie-derval.fr\/?p=3409\" class=\"more-link themebutton\">Lire la suite<\/a><\/p>\n","protected":false},"author":2,"featured_media":0,"comment_status":"closed","ping_status":"closed","sticky":false,"template":"","format":"standard","meta":{"footnotes":""},"categories":[26],"tags":[],"_links":{"self":[{"href":"https:\/\/stemarie-derval.fr\/index.php?rest_route=\/wp\/v2\/posts\/3409"}],"collection":[{"href":"https:\/\/stemarie-derval.fr\/index.php?rest_route=\/wp\/v2\/posts"}],"about":[{"href":"https:\/\/stemarie-derval.fr\/index.php?rest_route=\/wp\/v2\/types\/post"}],"author":[{"embeddable":true,"href":"https:\/\/stemarie-derval.fr\/index.php?rest_route=\/wp\/v2\/users\/2"}],"replies":[{"embeddable":true,"href":"https:\/\/stemarie-derval.fr\/index.php?rest_route=%2Fwp%2Fv2%2Fcomments&post=3409"}],"version-history":[{"count":0,"href":"https:\/\/stemarie-derval.fr\/index.php?rest_route=\/wp\/v2\/posts\/3409\/revisions"}],"wp:attachment":[{"href":"https:\/\/stemarie-derval.fr\/index.php?rest_route=%2Fwp%2Fv2%2Fmedia&parent=3409"}],"wp:term":[{"taxonomy":"category","embeddable":true,"href":"https:\/\/stemarie-derval.fr\/index.php?rest_route=%2Fwp%2Fv2%2Fcategories&post=3409"},{"taxonomy":"post_tag","embeddable":true,"href":"https:\/\/stemarie-derval.fr\/index.php?rest_route=%2Fwp%2Fv2%2Ftags&post=3409"}],"curies":[{"name":"wp","href":"https:\/\/api.w.org\/{rel}","templated":true}]}}