{"id":349,"date":"2017-01-25T10:29:10","date_gmt":"2017-01-25T09:29:10","guid":{"rendered":"https:\/\/stemarie-derval.fr\/?p=349"},"modified":"2017-01-25T14:36:28","modified_gmt":"2017-01-25T13:36:28","slug":"bienvenue-en-ce2","status":"publish","type":"post","link":"https:\/\/stemarie-derval.fr\/?p=349","title":{"rendered":"Bienvenue en CE2 !"},"content":{"rendered":"<p><a href=\"https:\/\/stemarie-derval.fr\/wp-content\/uploads\/2017\/01\/20160926_100401.jpg\"><img loading=\"lazy\" decoding=\"async\" class=\"alignright size-medium wp-image-358\" src=\"https:\/\/stemarie-derval.fr\/wp-content\/uploads\/2017\/01\/20160926_100401-300x169.jpg\" alt=\"\" width=\"300\" height=\"169\" srcset=\"https:\/\/stemarie-derval.fr\/wp-content\/uploads\/2017\/01\/20160926_100401-300x169.jpg 300w, https:\/\/stemarie-derval.fr\/wp-content\/uploads\/2017\/01\/20160926_100401-768x432.jpg 768w, https:\/\/stemarie-derval.fr\/wp-content\/uploads\/2017\/01\/20160926_100401-1024x576.jpg 1024w, https:\/\/stemarie-derval.fr\/wp-content\/uploads\/2017\/01\/20160926_100401.jpg 2048w\" sizes=\"(max-width: 300px) 100vw, 300px\" \/><\/a>Pour cette ann\u00e9e scolaire 2016-2017, il y a 23 \u00e9l\u00e8ves dans la classe de CE2.<\/p>\n<p>Dans cette page, vous d\u00e9couvrirez au fil du temps des \u00e9l\u00e9ments de la vie de la classe : des projets, des travaux d&rsquo;\u00e9l\u00e8ves, des images, du son et des vid\u00e9os.<\/p>\n<p>&nbsp;<br \/>\n<iframe loading=\"lazy\" src=\"https:\/\/www.youtube-nocookie.com\/embed\/xqub7VgiVfI?rel=0\" width=\"560\" height=\"315\" frameborder=\"0\" allowfullscreen=\"allowfullscreen\"><\/iframe><\/p>\n","protected":false},"excerpt":{"rendered":"<p>Pour cette ann\u00e9e scolaire 2016-2017, il y a 23 \u00e9l\u00e8ves dans la classe de CE2. Dans cette page, vous d\u00e9couvrirez au fil du temps des \u00e9l\u00e9ments de la vie de la classe : des projets, des travaux d&rsquo;\u00e9l\u00e8ves, des images, du son et des vid\u00e9os. &nbsp;<\/p>\n","protected":false},"author":2,"featured_media":0,"comment_status":"closed","ping_status":"closed","sticky":false,"template":"","format":"standard","meta":{"footnotes":""},"categories":[6],"tags":[],"_links":{"self":[{"href":"https:\/\/stemarie-derval.fr\/index.php?rest_route=\/wp\/v2\/posts\/349"}],"collection":[{"href":"https:\/\/stemarie-derval.fr\/index.php?rest_route=\/wp\/v2\/posts"}],"about":[{"href":"https:\/\/stemarie-derval.fr\/index.php?rest_route=\/wp\/v2\/types\/post"}],"author":[{"embeddable":true,"href":"https:\/\/stemarie-derval.fr\/index.php?rest_route=\/wp\/v2\/users\/2"}],"replies":[{"embeddable":true,"href":"https:\/\/stemarie-derval.fr\/index.php?rest_route=%2Fwp%2Fv2%2Fcomments&post=349"}],"version-history":[{"count":0,"href":"https:\/\/stemarie-derval.fr\/index.php?rest_route=\/wp\/v2\/posts\/349\/revisions"}],"wp:attachment":[{"href":"https:\/\/stemarie-derval.fr\/index.php?rest_route=%2Fwp%2Fv2%2Fmedia&parent=349"}],"wp:term":[{"taxonomy":"category","embeddable":true,"href":"https:\/\/stemarie-derval.fr\/index.php?rest_route=%2Fwp%2Fv2%2Fcategories&post=349"},{"taxonomy":"post_tag","embeddable":true,"href":"https:\/\/stemarie-derval.fr\/index.php?rest_route=%2Fwp%2Fv2%2Ftags&post=349"}],"curies":[{"name":"wp","href":"https:\/\/api.w.org\/{rel}","templated":true}]}}