{"id":3504,"date":"2019-01-20T18:52:32","date_gmt":"2019-01-20T17:52:32","guid":{"rendered":"https:\/\/stemarie-derval.fr\/?p=3504"},"modified":"2019-01-20T18:52:32","modified_gmt":"2019-01-20T17:52:32","slug":"projet-arts-plastiques-atelier-n5","status":"publish","type":"post","link":"https:\/\/stemarie-derval.fr\/?p=3504","title":{"rendered":"Projet arts plastiques: Atelier n\u00b05"},"content":{"rendered":"<p>Pendant le 5e atelier, nous avons travaill\u00e9 sur la&nbsp; future exposition. En effet, notre classe a \u00e9t\u00e9 s\u00e9lectionn\u00e9e par l&rsquo;intervenant pour r\u00e9fl\u00e9chir \u00e0 la mise en place des diff\u00e9rentes \u0153uvres des \u00e9coles participantes au projet (Marsac sur Don, Saint Vincent des Landes) au sein de la M\u00e9diath\u00e8que de Derval.<\/p>\n<p>Nous avons donc divis\u00e9 la classe en 3 groupes:<\/p>\n<p>1er groupe: R\u00e9flexion sur l&rsquo;organisation spatiale de l\u2019exposition \u00e0 l&rsquo;aide d&rsquo;un plan de la M\u00e9diath\u00e8que et des diff\u00e9rentes \u0153uvres.<\/p>\n<p><a href=\"https:\/\/stemarie-derval.fr\/wp-content\/uploads\/2019\/01\/DSCN4245.jpg\"><img loading=\"lazy\" decoding=\"async\" class=\"wp-image-3507 alignright\" src=\"https:\/\/stemarie-derval.fr\/wp-content\/uploads\/2019\/01\/DSCN4245-300x225.jpg\" alt=\"\" width=\"264\" height=\"198\" srcset=\"https:\/\/stemarie-derval.fr\/wp-content\/uploads\/2019\/01\/DSCN4245-300x225.jpg 300w, https:\/\/stemarie-derval.fr\/wp-content\/uploads\/2019\/01\/DSCN4245-768x576.jpg 768w, https:\/\/stemarie-derval.fr\/wp-content\/uploads\/2019\/01\/DSCN4245-1024x768.jpg 1024w, https:\/\/stemarie-derval.fr\/wp-content\/uploads\/2019\/01\/DSCN4245.jpg 2048w\" sizes=\"(max-width: 264px) 100vw, 264px\" \/><\/a><a href=\"https:\/\/stemarie-derval.fr\/wp-content\/uploads\/2019\/01\/DSCN4232.jpg\"><img loading=\"lazy\" decoding=\"async\" class=\" wp-image-3505 alignleft\" src=\"https:\/\/stemarie-derval.fr\/wp-content\/uploads\/2019\/01\/DSCN4232-300x225.jpg\" alt=\"\" width=\"261\" height=\"196\" srcset=\"https:\/\/stemarie-derval.fr\/wp-content\/uploads\/2019\/01\/DSCN4232-300x225.jpg 300w, https:\/\/stemarie-derval.fr\/wp-content\/uploads\/2019\/01\/DSCN4232-768x576.jpg 768w, https:\/\/stemarie-derval.fr\/wp-content\/uploads\/2019\/01\/DSCN4232-1024x768.jpg 1024w, https:\/\/stemarie-derval.fr\/wp-content\/uploads\/2019\/01\/DSCN4232.jpg 2048w\" sizes=\"(max-width: 261px) 100vw, 261px\" \/><\/a><a href=\"https:\/\/stemarie-derval.fr\/wp-content\/uploads\/2019\/01\/DSCN4237.jpg\"><img loading=\"lazy\" decoding=\"async\" class=\"alignright wp-image-3506\" src=\"https:\/\/stemarie-derval.fr\/wp-content\/uploads\/2019\/01\/DSCN4237-225x300.jpg\" alt=\"\" width=\"186\" height=\"248\" srcset=\"https:\/\/stemarie-derval.fr\/wp-content\/uploads\/2019\/01\/DSCN4237-225x300.jpg 225w, https:\/\/stemarie-derval.fr\/wp-content\/uploads\/2019\/01\/DSCN4237-768x1024.jpg 768w, https:\/\/stemarie-derval.fr\/wp-content\/uploads\/2019\/01\/DSCN4237.jpg 1536w\" sizes=\"(max-width: 186px) 100vw, 186px\" \/><\/a><\/p>\n<p>&nbsp;<\/p>\n<p>&nbsp;<\/p>\n<p>&nbsp;<\/p>\n<p>&nbsp;<\/p>\n<p>&nbsp;<\/p>\n<p>&nbsp;<\/p>\n<p>2e groupe: R\u00e9flexion sur la r\u00e9alisation d&rsquo;une sculpture r\u00e9alis\u00e9e \u00e0 partir des objets utilis\u00e9s dans l&rsquo;atelier n\u00b03.<\/p>\n<p><a href=\"https:\/\/stemarie-derval.fr\/wp-content\/uploads\/2019\/01\/DSCN4228.jpg\"><img loading=\"lazy\" decoding=\"async\" class=\" wp-image-3508 alignleft\" src=\"https:\/\/stemarie-derval.fr\/wp-content\/uploads\/2019\/01\/DSCN4228-300x225.jpg\" alt=\"\" width=\"247\" height=\"185\" srcset=\"https:\/\/stemarie-derval.fr\/wp-content\/uploads\/2019\/01\/DSCN4228-300x225.jpg 300w, https:\/\/stemarie-derval.fr\/wp-content\/uploads\/2019\/01\/DSCN4228-768x576.jpg 768w, https:\/\/stemarie-derval.fr\/wp-content\/uploads\/2019\/01\/DSCN4228-1024x768.jpg 1024w, https:\/\/stemarie-derval.fr\/wp-content\/uploads\/2019\/01\/DSCN4228.jpg 2048w\" sizes=\"(max-width: 247px) 100vw, 247px\" \/><\/a><a href=\"https:\/\/stemarie-derval.fr\/wp-content\/uploads\/2019\/01\/DSCN4235.jpg\"><img loading=\"lazy\" decoding=\"async\" class=\"alignright wp-image-3509\" src=\"https:\/\/stemarie-derval.fr\/wp-content\/uploads\/2019\/01\/DSCN4235-300x225.jpg\" alt=\"\" width=\"255\" height=\"191\" srcset=\"https:\/\/stemarie-derval.fr\/wp-content\/uploads\/2019\/01\/DSCN4235-300x225.jpg 300w, https:\/\/stemarie-derval.fr\/wp-content\/uploads\/2019\/01\/DSCN4235-768x576.jpg 768w, https:\/\/stemarie-derval.fr\/wp-content\/uploads\/2019\/01\/DSCN4235-1024x768.jpg 1024w, https:\/\/stemarie-derval.fr\/wp-content\/uploads\/2019\/01\/DSCN4235.jpg 2048w\" sizes=\"(max-width: 255px) 100vw, 255px\" \/><\/a><a href=\"https:\/\/stemarie-derval.fr\/wp-content\/uploads\/2019\/01\/DSCN4236.jpg\"><img loading=\"lazy\" decoding=\"async\" class=\"alignright wp-image-3510\" src=\"https:\/\/stemarie-derval.fr\/wp-content\/uploads\/2019\/01\/DSCN4236-225x300.jpg\" alt=\"\" width=\"188\" height=\"251\" srcset=\"https:\/\/stemarie-derval.fr\/wp-content\/uploads\/2019\/01\/DSCN4236-225x300.jpg 225w, https:\/\/stemarie-derval.fr\/wp-content\/uploads\/2019\/01\/DSCN4236-768x1024.jpg 768w, https:\/\/stemarie-derval.fr\/wp-content\/uploads\/2019\/01\/DSCN4236.jpg 1536w\" sizes=\"(max-width: 188px) 100vw, 188px\" \/><\/a><\/p>\n<p>&nbsp;<\/p>\n<p>&nbsp;<\/p>\n<p>&nbsp;<\/p>\n<p>&nbsp;<\/p>\n<p>&nbsp;<\/p>\n<p>&nbsp;<\/p>\n<p>3e groupe: R\u00e9flexion sur la mise en place de tous les d\u00e9s utilis\u00e9s lors de ce projet, soit environ 80 d\u00e9s.<\/p>\n<p><a href=\"https:\/\/stemarie-derval.fr\/wp-content\/uploads\/2019\/01\/DSCN4233.jpg\"><img loading=\"lazy\" decoding=\"async\" class=\"alignright size-medium wp-image-3512\" src=\"https:\/\/stemarie-derval.fr\/wp-content\/uploads\/2019\/01\/DSCN4233-300x225.jpg\" alt=\"\" width=\"300\" height=\"225\" srcset=\"https:\/\/stemarie-derval.fr\/wp-content\/uploads\/2019\/01\/DSCN4233-300x225.jpg 300w, https:\/\/stemarie-derval.fr\/wp-content\/uploads\/2019\/01\/DSCN4233-768x576.jpg 768w, https:\/\/stemarie-derval.fr\/wp-content\/uploads\/2019\/01\/DSCN4233-1024x768.jpg 1024w, https:\/\/stemarie-derval.fr\/wp-content\/uploads\/2019\/01\/DSCN4233.jpg 2048w\" sizes=\"(max-width: 300px) 100vw, 300px\" \/><\/a><a href=\"https:\/\/stemarie-derval.fr\/wp-content\/uploads\/2019\/01\/DSCN4230.jpg\"><img loading=\"lazy\" decoding=\"async\" class=\"size-medium wp-image-3511 alignleft\" src=\"https:\/\/stemarie-derval.fr\/wp-content\/uploads\/2019\/01\/DSCN4230-300x225.jpg\" alt=\"\" width=\"300\" height=\"225\" srcset=\"https:\/\/stemarie-derval.fr\/wp-content\/uploads\/2019\/01\/DSCN4230-300x225.jpg 300w, https:\/\/stemarie-derval.fr\/wp-content\/uploads\/2019\/01\/DSCN4230-768x576.jpg 768w, https:\/\/stemarie-derval.fr\/wp-content\/uploads\/2019\/01\/DSCN4230-1024x768.jpg 1024w, https:\/\/stemarie-derval.fr\/wp-content\/uploads\/2019\/01\/DSCN4230.jpg 2048w\" sizes=\"(max-width: 300px) 100vw, 300px\" \/><\/a><\/p>\n","protected":false},"excerpt":{"rendered":"<p>Pendant le 5e atelier, nous avons travaill\u00e9 sur la&nbsp; future exposition. En effet, notre classe a \u00e9t\u00e9 s\u00e9lectionn\u00e9e par l&rsquo;intervenant pour r\u00e9fl\u00e9chir \u00e0 la mise en place des diff\u00e9rentes \u0153uvres des \u00e9coles participantes au projet (Marsac sur Don, Saint Vincent des Landes) au sein de la M\u00e9diath\u00e8que de Derval. Nous avons donc divis\u00e9 la classe<\/p>\n<p><a href=\"https:\/\/stemarie-derval.fr\/?p=3504\" class=\"more-link themebutton\">Lire la suite<\/a><\/p>\n","protected":false},"author":10,"featured_media":0,"comment_status":"closed","ping_status":"closed","sticky":false,"template":"","format":"standard","meta":{"footnotes":""},"categories":[5],"tags":[],"_links":{"self":[{"href":"https:\/\/stemarie-derval.fr\/index.php?rest_route=\/wp\/v2\/posts\/3504"}],"collection":[{"href":"https:\/\/stemarie-derval.fr\/index.php?rest_route=\/wp\/v2\/posts"}],"about":[{"href":"https:\/\/stemarie-derval.fr\/index.php?rest_route=\/wp\/v2\/types\/post"}],"author":[{"embeddable":true,"href":"https:\/\/stemarie-derval.fr\/index.php?rest_route=\/wp\/v2\/users\/10"}],"replies":[{"embeddable":true,"href":"https:\/\/stemarie-derval.fr\/index.php?rest_route=%2Fwp%2Fv2%2Fcomments&post=3504"}],"version-history":[{"count":1,"href":"https:\/\/stemarie-derval.fr\/index.php?rest_route=\/wp\/v2\/posts\/3504\/revisions"}],"predecessor-version":[{"id":3513,"href":"https:\/\/stemarie-derval.fr\/index.php?rest_route=\/wp\/v2\/posts\/3504\/revisions\/3513"}],"wp:attachment":[{"href":"https:\/\/stemarie-derval.fr\/index.php?rest_route=%2Fwp%2Fv2%2Fmedia&parent=3504"}],"wp:term":[{"taxonomy":"category","embeddable":true,"href":"https:\/\/stemarie-derval.fr\/index.php?rest_route=%2Fwp%2Fv2%2Fcategories&post=3504"},{"taxonomy":"post_tag","embeddable":true,"href":"https:\/\/stemarie-derval.fr\/index.php?rest_route=%2Fwp%2Fv2%2Ftags&post=3504"}],"curies":[{"name":"wp","href":"https:\/\/api.w.org\/{rel}","templated":true}]}}