{"id":351,"date":"2017-01-25T10:16:06","date_gmt":"2017-01-25T09:16:06","guid":{"rendered":"https:\/\/stemarie-derval.fr\/?p=351"},"modified":"2017-01-25T11:38:08","modified_gmt":"2017-01-25T10:38:08","slug":"presentation-de-la-classe","status":"publish","type":"post","link":"https:\/\/stemarie-derval.fr\/?p=351","title":{"rendered":"Pr\u00e9sentation de la classe"},"content":{"rendered":"<p>Voici notre classe de ce2\/cm1.<\/p>\n<p>Nous sommes 20 \u00e9l\u00e8ves, 12 ce2 et 8 cm1.<\/p>\n<p><a href=\"https:\/\/stemarie-derval.fr\/wp-content\/uploads\/2017\/01\/IMG_6102.jpg\"><img loading=\"lazy\" decoding=\"async\" class=\"size-medium wp-image-352 aligncenter\" src=\"https:\/\/stemarie-derval.fr\/wp-content\/uploads\/2017\/01\/IMG_6102-300x200.jpg\" alt=\"\" width=\"300\" height=\"200\" srcset=\"https:\/\/stemarie-derval.fr\/wp-content\/uploads\/2017\/01\/IMG_6102-300x200.jpg 300w, https:\/\/stemarie-derval.fr\/wp-content\/uploads\/2017\/01\/IMG_6102-768x512.jpg 768w, https:\/\/stemarie-derval.fr\/wp-content\/uploads\/2017\/01\/IMG_6102-1024x683.jpg 1024w, https:\/\/stemarie-derval.fr\/wp-content\/uploads\/2017\/01\/IMG_6102-272x182.jpg 272w, https:\/\/stemarie-derval.fr\/wp-content\/uploads\/2017\/01\/IMG_6102.jpg 2048w\" sizes=\"(max-width: 300px) 100vw, 300px\" \/><\/a><\/p>\n<p>Vous pouvez retrouver ce qui a \u00e9t\u00e9 fait dans notre classe avant la mise en place de ce site internet sur notre blog \u00e0 l&rsquo;adresse:\u00a0 http:\/\/ce2cm1derval.blogspot.fr\/<\/p>\n<p>D\u00e9sormais, le site de l&rsquo;\u00e9cole prendra le relais, vous trouverez donc nos actualit\u00e9s dans l&rsquo;onglet\u00a0\u00a0\u00a0\u00a0\u00a0\u00a0\u00a0\u00a0\u00a0\u00a0\u00a0\u00a0\u00a0\u00a0\u00a0\u00a0\u00a0\u00a0\u00a0\u00a0\u00a0\u00a0\u00a0\u00a0\u00a0\u00a0\u00a0\u00a0\u00a0\u00a0\u00a0\u00a0\u00a0\u00a0\u00a0\u00a0\u00a0\u00a0 vie de l&rsquo;\u00e9cole -&gt; vie de la classe -&gt; ce2\/cm1<\/p>\n","protected":false},"excerpt":{"rendered":"<p>Voici notre classe de ce2\/cm1. Nous sommes 20 \u00e9l\u00e8ves, 12 ce2 et 8 cm1. Vous pouvez retrouver ce qui a \u00e9t\u00e9 fait dans notre classe avant la mise en place de ce site internet sur notre blog \u00e0 l&rsquo;adresse:\u00a0 http:\/\/ce2cm1derval.blogspot.fr\/ D\u00e9sormais, le site de l&rsquo;\u00e9cole prendra le relais, vous trouverez donc nos actualit\u00e9s dans l&rsquo;onglet\u00a0\u00a0\u00a0\u00a0\u00a0\u00a0\u00a0\u00a0\u00a0\u00a0\u00a0\u00a0\u00a0\u00a0\u00a0\u00a0\u00a0\u00a0\u00a0\u00a0\u00a0\u00a0\u00a0\u00a0\u00a0\u00a0\u00a0\u00a0\u00a0\u00a0\u00a0\u00a0\u00a0\u00a0\u00a0\u00a0\u00a0\u00a0<\/p>\n<p><a href=\"https:\/\/stemarie-derval.fr\/?p=351\" class=\"more-link themebutton\">Lire la suite<\/a><\/p>\n","protected":false},"author":9,"featured_media":0,"comment_status":"closed","ping_status":"closed","sticky":false,"template":"","format":"standard","meta":{"footnotes":""},"categories":[7],"tags":[],"_links":{"self":[{"href":"https:\/\/stemarie-derval.fr\/index.php?rest_route=\/wp\/v2\/posts\/351"}],"collection":[{"href":"https:\/\/stemarie-derval.fr\/index.php?rest_route=\/wp\/v2\/posts"}],"about":[{"href":"https:\/\/stemarie-derval.fr\/index.php?rest_route=\/wp\/v2\/types\/post"}],"author":[{"embeddable":true,"href":"https:\/\/stemarie-derval.fr\/index.php?rest_route=\/wp\/v2\/users\/9"}],"replies":[{"embeddable":true,"href":"https:\/\/stemarie-derval.fr\/index.php?rest_route=%2Fwp%2Fv2%2Fcomments&post=351"}],"version-history":[{"count":0,"href":"https:\/\/stemarie-derval.fr\/index.php?rest_route=\/wp\/v2\/posts\/351\/revisions"}],"wp:attachment":[{"href":"https:\/\/stemarie-derval.fr\/index.php?rest_route=%2Fwp%2Fv2%2Fmedia&parent=351"}],"wp:term":[{"taxonomy":"category","embeddable":true,"href":"https:\/\/stemarie-derval.fr\/index.php?rest_route=%2Fwp%2Fv2%2Fcategories&post=351"},{"taxonomy":"post_tag","embeddable":true,"href":"https:\/\/stemarie-derval.fr\/index.php?rest_route=%2Fwp%2Fv2%2Ftags&post=351"}],"curies":[{"name":"wp","href":"https:\/\/api.w.org\/{rel}","templated":true}]}}