{"id":3549,"date":"2019-02-10T10:16:44","date_gmt":"2019-02-10T09:16:44","guid":{"rendered":"https:\/\/stemarie-derval.fr\/?p=3549"},"modified":"2019-02-10T10:16:44","modified_gmt":"2019-02-10T09:16:44","slug":"le-basket-2","status":"publish","type":"post","link":"https:\/\/stemarie-derval.fr\/?p=3549","title":{"rendered":"Le basket"},"content":{"rendered":"<p>Tout au long de cette troisi\u00e8me p\u00e9riode, les ce1 et les ce1\/ce2 sont all\u00e9s \u00e0 la salle de sport le mardi apr\u00e8s-midi pour faire du basket.<\/p>\n<p>&nbsp;<\/p>\n<p><iframe loading=\"lazy\" title=\"film basket\" width=\"1170\" height=\"658\" src=\"https:\/\/www.youtube.com\/embed\/sHXsTT5Mtb8?feature=oembed\" frameborder=\"0\" allow=\"accelerometer; autoplay; encrypted-media; gyroscope; picture-in-picture\" allowfullscreen><\/iframe><\/p>\n","protected":false},"excerpt":{"rendered":"<p>Tout au long de cette troisi\u00e8me p\u00e9riode, les ce1 et les ce1\/ce2 sont all\u00e9s \u00e0 la salle de sport le mardi apr\u00e8s-midi pour faire du basket. &nbsp;<\/p>\n","protected":false},"author":9,"featured_media":0,"comment_status":"closed","ping_status":"closed","sticky":false,"template":"","format":"standard","meta":{"footnotes":""},"categories":[9,7],"tags":[],"_links":{"self":[{"href":"https:\/\/stemarie-derval.fr\/index.php?rest_route=\/wp\/v2\/posts\/3549"}],"collection":[{"href":"https:\/\/stemarie-derval.fr\/index.php?rest_route=\/wp\/v2\/posts"}],"about":[{"href":"https:\/\/stemarie-derval.fr\/index.php?rest_route=\/wp\/v2\/types\/post"}],"author":[{"embeddable":true,"href":"https:\/\/stemarie-derval.fr\/index.php?rest_route=\/wp\/v2\/users\/9"}],"replies":[{"embeddable":true,"href":"https:\/\/stemarie-derval.fr\/index.php?rest_route=%2Fwp%2Fv2%2Fcomments&post=3549"}],"version-history":[{"count":1,"href":"https:\/\/stemarie-derval.fr\/index.php?rest_route=\/wp\/v2\/posts\/3549\/revisions"}],"predecessor-version":[{"id":3550,"href":"https:\/\/stemarie-derval.fr\/index.php?rest_route=\/wp\/v2\/posts\/3549\/revisions\/3550"}],"wp:attachment":[{"href":"https:\/\/stemarie-derval.fr\/index.php?rest_route=%2Fwp%2Fv2%2Fmedia&parent=3549"}],"wp:term":[{"taxonomy":"category","embeddable":true,"href":"https:\/\/stemarie-derval.fr\/index.php?rest_route=%2Fwp%2Fv2%2Fcategories&post=3549"},{"taxonomy":"post_tag","embeddable":true,"href":"https:\/\/stemarie-derval.fr\/index.php?rest_route=%2Fwp%2Fv2%2Ftags&post=3549"}],"curies":[{"name":"wp","href":"https:\/\/api.w.org\/{rel}","templated":true}]}}