{"id":3568,"date":"2019-03-22T18:47:51","date_gmt":"2019-03-22T17:47:51","guid":{"rendered":"https:\/\/stemarie-derval.fr\/?p=3568"},"modified":"2019-03-22T18:47:51","modified_gmt":"2019-03-22T17:47:51","slug":"projet-arts-plastiques-exposition-finale-a-la-mediatheque","status":"publish","type":"post","link":"https:\/\/stemarie-derval.fr\/?p=3568","title":{"rendered":"Projet arts plastiques: Exposition finale \u00e0 la m\u00e9diath\u00e8que"},"content":{"rendered":"<p>Pour cl\u00f4turer le projet arts, les \u00e9l\u00e8ves de CM1-CM2 ont expos\u00e9 leurs productions \u00e0 la m\u00e9diath\u00e8que de Derval. Les diff\u00e9rentes \u00e9coles participantes au projet sont venues d\u00e9couvrir l&rsquo;exposition finale. Des ateliers ont \u00e9t\u00e9 mis en place lors de cette journ\u00e9e (dessiner les yeux band\u00e9s, jeu du twister).<\/p>\n<p>[ngg src=\u00a0\u00bbgalleries\u00a0\u00bb ids=\u00a0\u00bb130&Prime; display=\u00a0\u00bbbasic_slideshow\u00a0\u00bb]<\/p>\n","protected":false},"excerpt":{"rendered":"<p>Pour cl\u00f4turer le projet arts, les \u00e9l\u00e8ves de CM1-CM2 ont expos\u00e9 leurs productions \u00e0 la m\u00e9diath\u00e8que de Derval. Les diff\u00e9rentes \u00e9coles participantes au projet sont venues d\u00e9couvrir l&rsquo;exposition finale. Des ateliers ont \u00e9t\u00e9 mis en place lors de cette journ\u00e9e (dessiner les yeux band\u00e9s, jeu du twister). [ngg src=\u00a0\u00bbgalleries\u00a0\u00bb ids=\u00a0\u00bb130&Prime; display=\u00a0\u00bbbasic_slideshow\u00a0\u00bb]<\/p>\n","protected":false},"author":10,"featured_media":0,"comment_status":"closed","ping_status":"closed","sticky":false,"template":"","format":"standard","meta":{"footnotes":""},"categories":[5],"tags":[],"_links":{"self":[{"href":"https:\/\/stemarie-derval.fr\/index.php?rest_route=\/wp\/v2\/posts\/3568"}],"collection":[{"href":"https:\/\/stemarie-derval.fr\/index.php?rest_route=\/wp\/v2\/posts"}],"about":[{"href":"https:\/\/stemarie-derval.fr\/index.php?rest_route=\/wp\/v2\/types\/post"}],"author":[{"embeddable":true,"href":"https:\/\/stemarie-derval.fr\/index.php?rest_route=\/wp\/v2\/users\/10"}],"replies":[{"embeddable":true,"href":"https:\/\/stemarie-derval.fr\/index.php?rest_route=%2Fwp%2Fv2%2Fcomments&post=3568"}],"version-history":[{"count":4,"href":"https:\/\/stemarie-derval.fr\/index.php?rest_route=\/wp\/v2\/posts\/3568\/revisions"}],"predecessor-version":[{"id":3590,"href":"https:\/\/stemarie-derval.fr\/index.php?rest_route=\/wp\/v2\/posts\/3568\/revisions\/3590"}],"wp:attachment":[{"href":"https:\/\/stemarie-derval.fr\/index.php?rest_route=%2Fwp%2Fv2%2Fmedia&parent=3568"}],"wp:term":[{"taxonomy":"category","embeddable":true,"href":"https:\/\/stemarie-derval.fr\/index.php?rest_route=%2Fwp%2Fv2%2Fcategories&post=3568"},{"taxonomy":"post_tag","embeddable":true,"href":"https:\/\/stemarie-derval.fr\/index.php?rest_route=%2Fwp%2Fv2%2Ftags&post=3568"}],"curies":[{"name":"wp","href":"https:\/\/api.w.org\/{rel}","templated":true}]}}