{"id":3607,"date":"2019-03-24T17:43:51","date_gmt":"2019-03-24T16:43:51","guid":{"rendered":"https:\/\/stemarie-derval.fr\/?p=3607"},"modified":"2019-03-24T17:43:51","modified_gmt":"2019-03-24T16:43:51","slug":"journee-de-la-difference","status":"publish","type":"post","link":"https:\/\/stemarie-derval.fr\/?p=3607","title":{"rendered":"Journ\u00e9e de la diff\u00e9rence"},"content":{"rendered":"<p>Oui \u00e0 la diff\u00e9rence !!&nbsp;<\/p>\n<p>Le 21 mars c&rsquo;\u00e9tait la journ\u00e9e de la trisomie 21. L&rsquo;op\u00e9ration \u00ab\u00a0chaussettes d\u00e9pareill\u00e9es\u00a0\u00bb est une action ludique et symbolique qui permet de sensibiliser \u00e0 la diff\u00e9rence.<\/p>\n<p>Ce matin du 21 mars, Elisa est arriv\u00e9e en classe avec des chaussettes d\u00e9pareill\u00e9es ! On a donc expliqu\u00e9 cette mobilisation \u00e0 toute la classe.&nbsp;<\/p>\n<p>Pour soutenir la cause, nous avons d\u00e9cid\u00e9 de faire une journ\u00e9e de classe diff\u00e9rente !!!! Alors tous en chaussettes !!&nbsp;<\/p>\n<p>Nous avons regard\u00e9 des reportages pour expliquer la trisomie 21, expliqu\u00e9 le mot handicap et parl\u00e9 de tout ce qu&rsquo;il englobe.&nbsp;<\/p>\n<p>Puis place au travail mais de fa\u00e7on diff\u00e9rente par rapport \u00e0 d&rsquo;habitude. On travaille en tout petit groupe, par terre, en tailleur sur notre chaise&#8230;..<\/p>\n<p>C&rsquo;\u00e9tait super !<\/p>\n<p>Pour terminer la journ\u00e9e nous avons visionn\u00e9 le film \u00ab\u00a0Le huiti\u00e8me jour\u00a0\u00bb avec la classe de Ce1-Ce2.&nbsp;<\/p>\n<p>&nbsp;<\/p>\n<p>[ngg src=\u00a0\u00bbgalleries\u00a0\u00bb ids=\u00a0\u00bb132&Prime; display=\u00a0\u00bbbasic_slideshow\u00a0\u00bb]<\/p>\n","protected":false},"excerpt":{"rendered":"<p>Oui \u00e0 la diff\u00e9rence !!&nbsp; Le 21 mars c&rsquo;\u00e9tait la journ\u00e9e de la trisomie 21. L&rsquo;op\u00e9ration \u00ab\u00a0chaussettes d\u00e9pareill\u00e9es\u00a0\u00bb est une action ludique et symbolique qui permet de sensibiliser \u00e0 la diff\u00e9rence. Ce matin du 21 mars, Elisa est arriv\u00e9e en classe avec des chaussettes d\u00e9pareill\u00e9es ! On a donc expliqu\u00e9 cette mobilisation \u00e0 toute la<\/p>\n<p><a href=\"https:\/\/stemarie-derval.fr\/?p=3607\" class=\"more-link themebutton\">Lire la suite<\/a><\/p>\n","protected":false},"author":16,"featured_media":0,"comment_status":"closed","ping_status":"closed","sticky":false,"template":"","format":"standard","meta":{"footnotes":""},"categories":[9],"tags":[],"_links":{"self":[{"href":"https:\/\/stemarie-derval.fr\/index.php?rest_route=\/wp\/v2\/posts\/3607"}],"collection":[{"href":"https:\/\/stemarie-derval.fr\/index.php?rest_route=\/wp\/v2\/posts"}],"about":[{"href":"https:\/\/stemarie-derval.fr\/index.php?rest_route=\/wp\/v2\/types\/post"}],"author":[{"embeddable":true,"href":"https:\/\/stemarie-derval.fr\/index.php?rest_route=\/wp\/v2\/users\/16"}],"replies":[{"embeddable":true,"href":"https:\/\/stemarie-derval.fr\/index.php?rest_route=%2Fwp%2Fv2%2Fcomments&post=3607"}],"version-history":[{"count":3,"href":"https:\/\/stemarie-derval.fr\/index.php?rest_route=\/wp\/v2\/posts\/3607\/revisions"}],"predecessor-version":[{"id":3629,"href":"https:\/\/stemarie-derval.fr\/index.php?rest_route=\/wp\/v2\/posts\/3607\/revisions\/3629"}],"wp:attachment":[{"href":"https:\/\/stemarie-derval.fr\/index.php?rest_route=%2Fwp%2Fv2%2Fmedia&parent=3607"}],"wp:term":[{"taxonomy":"category","embeddable":true,"href":"https:\/\/stemarie-derval.fr\/index.php?rest_route=%2Fwp%2Fv2%2Fcategories&post=3607"},{"taxonomy":"post_tag","embeddable":true,"href":"https:\/\/stemarie-derval.fr\/index.php?rest_route=%2Fwp%2Fv2%2Ftags&post=3607"}],"curies":[{"name":"wp","href":"https:\/\/api.w.org\/{rel}","templated":true}]}}